{"id":3291,"date":"2024-04-14T21:32:40","date_gmt":"2024-04-15T00:32:40","guid":{"rendered":"https:\/\/enlamira.info\/?p=3291"},"modified":"2024-04-14T21:34:23","modified_gmt":"2024-04-15T00:34:23","slug":"los-miembros-del-g7-condenaron-el-ataque-a-israel-y-advirtieron-a-iran-tomaremos-medidas","status":"publish","type":"post","link":"https:\/\/enlamira.info\/index.php\/2024\/04\/14\/los-miembros-del-g7-condenaron-el-ataque-a-israel-y-advirtieron-a-iran-tomaremos-medidas\/","title":{"rendered":"Los miembros del G7 condenaron el ataque a Israel y advirtieron a Ir\u00e1n: \u201cTomaremos medidas\u201d"},"content":{"rendered":"\n<p>Los l\u00edderes expresaron su apoyo al pa\u00eds atacado y aseguraron que el conflicto podr\u00eda \u201cprovocar una escalada de violencia regional incontrolable\u201d.<\/p>\n\n\n\n<p>Luego de que en las \u00faltimas horas\u00a0Estados\u00a0Unidos\u00a0ejerciera presi\u00f3n sobre\u00a0Israel\u00a0para evitar una nuevas escalada en el conflicto con\u00a0Ir\u00e1n, tras los\u00a0ataques lanzados\u00a0por el r\u00e9gimen persa contra territorio israel\u00ed, los pa\u00edses del G7, en conjunto, mostraron \u201csu pleno apoyo\u201d ante la brutal ofensiva.<\/p>\n\n\n\n<p>En una reuni\u00f3n por videoconferencia presidida por la primera ministra italiana,\u00a0Giorgia Meloni, los mandatarios l\u00edderes advirtieron a Ir\u00e1n que \u201cadoptar\u00e1n nuevas medidas ahora\u201d si contin\u00faa con sus \u201ciniciativas desestabilizadoras\u201d en Oriente Medio.<\/p>\n\n\n\n<p>La Casa Blanca hab\u00eda reiterado su compromiso con la seguridad de Israel y destac\u00f3 la capacidad del pa\u00eds para defenderse, al tiempo que llam\u00f3 a la moderaci\u00f3n y a\u00a0evitar una guerra m\u00e1s amplia. Aunque Estados Unidos inst\u00f3 a la prudencia,\u00a0la decisi\u00f3n final sobre la respuesta a los ataques iran\u00edes recae en Israel.<\/p>\n\n\n\n<p>Horas despu\u00e9s, todos los l\u00edderes del G7, el grupo integrado por\u00a0Italia, Alemania, Reino Unido, Estados Unidos, Jap\u00f3n, Alemania y Canad\u00e1, ademas de los de la Uni\u00f3n Europea (UE), afirmaron que, \u201ccon sus acciones, Ir\u00e1n ha dado un paso m\u00e1s hacia la desestabilizaci\u00f3n de la regi\u00f3n y corre el riesgo de provocar una escalada regional incontrolable. Esto debe evitarse\u201d.<\/p>\n\n\n\n<p>\u201cNosotros, los l\u00edderes del G7, condenamos inequ\u00edvocamente en los t\u00e9rminos m\u00e1s en\u00e9rgicos el ataque directo y sin precedentes de Ir\u00e1n contra Israel. Ir\u00e1n dispar\u00f3 cientos de drones y misiles contra Israel. Israel, con la ayuda de sus asociados, derrot\u00f3 el ataque\u201d, se\u00f1ala la declaraci\u00f3n.<\/p>\n\n\n\n<p>Oriente Medio afronta un momento de gran tensi\u00f3n despu\u00e9s del ataque a Israel por parte de Ir\u00e1n, que lanz\u00f3 anoche m\u00e1s de 300 drones, misiles y misiles bal\u00edsticos en lo que supone el primer ataque de ese tipo desde suelo iran\u00ed, a la espera de ver cu\u00e1l ser\u00e1 la posible respuesta israel\u00ed.<\/p>\n\n\n\n<p>\u201cCon sus acciones, Ir\u00e1n ha dado un paso m\u00e1s hacia la desestabilizaci\u00f3n de la regi\u00f3n y corre el riesgo de provocar una escalada regional incontrolable. Esto debe evitarse. Seguiremos trabajando para estabilizar la situaci\u00f3n y evitar una mayor escalada\u201d, indicaron.<\/p>\n","protected":false},"excerpt":{"rendered":"<p>Los l\u00edderes expresaron su apoyo al pa\u00eds atacado y aseguraron que el conflicto podr\u00eda \u201cprovocar una escalada de violencia regional incontrolable\u201d. Luego de que en las \u00faltimas horas\u00a0Estados\u00a0Unidos\u00a0ejerciera presi\u00f3n sobre\u00a0Israel\u00a0para evitar una nuevas escalada en el conflicto con\u00a0Ir\u00e1n, tras los\u00a0ataques lanzados\u00a0por el r\u00e9gimen persa contra territorio israel\u00ed, los pa\u00edses del G7, en conjunto, mostraron \u201csu [&hellip;]<\/p>\n","protected":false},"author":2,"featured_media":3293,"comment_status":"open","ping_status":"open","sticky":false,"template":"","format":"standard","meta":{"footnotes":""},"categories":[20],"tags":[],"_links":{"self":[{"href":"https:\/\/enlamira.info\/index.php\/wp-json\/wp\/v2\/posts\/3291"}],"collection":[{"href":"https:\/\/enlamira.info\/index.php\/wp-json\/wp\/v2\/posts"}],"about":[{"href":"https:\/\/enlamira.info\/index.php\/wp-json\/wp\/v2\/types\/post"}],"author":[{"embeddable":true,"href":"https:\/\/enlamira.info\/index.php\/wp-json\/wp\/v2\/users\/2"}],"replies":[{"embeddable":true,"href":"https:\/\/enlamira.info\/index.php\/wp-json\/wp\/v2\/comments?post=3291"}],"version-history":[{"count":1,"href":"https:\/\/enlamira.info\/index.php\/wp-json\/wp\/v2\/posts\/3291\/revisions"}],"predecessor-version":[{"id":3292,"href":"https:\/\/enlamira.info\/index.php\/wp-json\/wp\/v2\/posts\/3291\/revisions\/3292"}],"wp:featuredmedia":[{"embeddable":true,"href":"https:\/\/enlamira.info\/index.php\/wp-json\/wp\/v2\/media\/3293"}],"wp:attachment":[{"href":"https:\/\/enlamira.info\/index.php\/wp-json\/wp\/v2\/media?parent=3291"}],"wp:term":[{"taxonomy":"category","embeddable":true,"href":"https:\/\/enlamira.info\/index.php\/wp-json\/wp\/v2\/categories?post=3291"},{"taxonomy":"post_tag","embeddable":true,"href":"https:\/\/enlamira.info\/index.php\/wp-json\/wp\/v2\/tags?post=3291"}],"curies":[{"name":"wp","href":"https:\/\/api.w.org\/{rel}","templated":true}]}}