{"id":3288,"date":"2024-04-14T21:31:20","date_gmt":"2024-04-15T00:31:20","guid":{"rendered":"https:\/\/enlamira.info\/?p=3288"},"modified":"2024-04-14T21:36:26","modified_gmt":"2024-04-15T00:36:26","slug":"alerta-por-el-brote-de-dengue-bajo-el-numero-de-casos-pero-aumentaron-los-fallecidos","status":"publish","type":"post","link":"https:\/\/enlamira.info\/index.php\/2024\/04\/14\/alerta-por-el-brote-de-dengue-bajo-el-numero-de-casos-pero-aumentaron-los-fallecidos\/","title":{"rendered":"Alerta por el brote de dengue: baj\u00f3 el n\u00famero de casos pero aumentaron los fallecidos"},"content":{"rendered":"\n<p>De acuerdo al \u00faltimo reporte del Ministerio de Salud, se reportaron 36 mil contagios y 36 muertos en la \u00faltima semana.<\/p>\n\n\n\n<p>En las \u00faltimas horas, el Ministerio de Salud\u00a0confirm\u00f3\u00a0la cifra de\u00a0197 muertos y 252.566\u00a0casos\u00a0de dengue\u00a0en lo que va del 2024.<\/p>\n\n\n\n<p>El mayor n\u00famero de\u00a0contagios\u00a0fue aportado por la regi\u00f3n Centro, seguido por el NEA y el NOA. A su vez, 573 casos fueron clasificados como dengue grave.<\/p>\n\n\n\n<p>Estos \u00faltimos datos se corresponden con la semana 14, en las que se sumaron 36 muertes y 36.681 contagios.<\/p>\n\n\n\n<p>En ese sentido, la cartera sanitaria se\u00f1al\u00f3 que hay una \u201ccirculaci\u00f3n viral persistente durante todo el per\u00edodo y adelantamiento del aumento estacional respecto a a\u00f1os epid\u00e9micos previos\u201d.<\/p>\n\n\n\n<p>\u201cLos casos acumulados hasta la semana 14 representan 3,35 veces m\u00e1s que lo registrado en el mismo per\u00edodo de la temporada anterior y 8,7 veces m\u00e1s que lo registrado en el mismo per\u00edodo de 2019\/2020\u2033, se\u00f1al\u00f3 el informe.<\/p>\n\n\n\n<p>La mayor tasa de mortalidad se observ\u00f3 en los mayores de 80 a\u00f1os. En tanto, el mayor n\u00famero de contagios se present\u00f3 en personas de entre 30 y 39 a\u00f1os.<\/p>\n\n\n\n<p>Un dato no menor que marc\u00f3 este reporte se relaciona con los\u00a01349 contagios\u00a0que se registraron en personas gestantes, con una mediana de edad de 26 a\u00f1os. En ese sentido, detall\u00f3 que\u00a012 casos\u00a0se notificaron como dengue grave y\u00a03 fallecieron.<\/p>\n","protected":false},"excerpt":{"rendered":"<p>De acuerdo al \u00faltimo reporte del Ministerio de Salud, se reportaron 36 mil contagios y 36 muertos en la \u00faltima semana. En las \u00faltimas horas, el Ministerio de Salud\u00a0confirm\u00f3\u00a0la cifra de\u00a0197 muertos y 252.566\u00a0casos\u00a0de dengue\u00a0en lo que va del 2024. El mayor n\u00famero de\u00a0contagios\u00a0fue aportado por la regi\u00f3n Centro, seguido por el NEA y el [&hellip;]<\/p>\n","protected":false},"author":2,"featured_media":3290,"comment_status":"open","ping_status":"open","sticky":false,"template":"","format":"standard","meta":{"footnotes":""},"categories":[23],"tags":[],"_links":{"self":[{"href":"https:\/\/enlamira.info\/index.php\/wp-json\/wp\/v2\/posts\/3288"}],"collection":[{"href":"https:\/\/enlamira.info\/index.php\/wp-json\/wp\/v2\/posts"}],"about":[{"href":"https:\/\/enlamira.info\/index.php\/wp-json\/wp\/v2\/types\/post"}],"author":[{"embeddable":true,"href":"https:\/\/enlamira.info\/index.php\/wp-json\/wp\/v2\/users\/2"}],"replies":[{"embeddable":true,"href":"https:\/\/enlamira.info\/index.php\/wp-json\/wp\/v2\/comments?post=3288"}],"version-history":[{"count":1,"href":"https:\/\/enlamira.info\/index.php\/wp-json\/wp\/v2\/posts\/3288\/revisions"}],"predecessor-version":[{"id":3289,"href":"https:\/\/enlamira.info\/index.php\/wp-json\/wp\/v2\/posts\/3288\/revisions\/3289"}],"wp:featuredmedia":[{"embeddable":true,"href":"https:\/\/enlamira.info\/index.php\/wp-json\/wp\/v2\/media\/3290"}],"wp:attachment":[{"href":"https:\/\/enlamira.info\/index.php\/wp-json\/wp\/v2\/media?parent=3288"}],"wp:term":[{"taxonomy":"category","embeddable":true,"href":"https:\/\/enlamira.info\/index.php\/wp-json\/wp\/v2\/categories?post=3288"},{"taxonomy":"post_tag","embeddable":true,"href":"https:\/\/enlamira.info\/index.php\/wp-json\/wp\/v2\/tags?post=3288"}],"curies":[{"name":"wp","href":"https:\/\/api.w.org\/{rel}","templated":true}]}}