{"id":3285,"date":"2024-04-14T21:29:49","date_gmt":"2024-04-15T00:29:49","guid":{"rendered":"https:\/\/enlamira.info\/?p=3285"},"modified":"2024-04-14T21:37:21","modified_gmt":"2024-04-15T00:37:21","slug":"el-gobierno-le-pidio-a-las-prepagas-que-congelen-los-aumentos-la-respuesta-del-sector","status":"publish","type":"post","link":"https:\/\/enlamira.info\/index.php\/2024\/04\/14\/el-gobierno-le-pidio-a-las-prepagas-que-congelen-los-aumentos-la-respuesta-del-sector\/","title":{"rendered":"El Gobierno le pidi\u00f3 a las prepagas que congelen los aumentos: la respuesta del sector"},"content":{"rendered":"\n<p>En medio de la tensi\u00f3n por la suba en las cuotas, el Ejecutivo mantuvo una serie de reuniones informales con representantes de las empresas, pero recibi\u00f3 la espalda ante el pedido de dejar en pausa las subas.<\/p>\n\n\n\n<p>El\u00a0Gobierno\u00a0realiz\u00f3 un pedido concreto a las\u00a0prepagas\u00a0frente a los constantes aumentos que castigan al bolsillo de los\u00a0usuarios.<\/p>\n\n\n\n<p>Seg\u00fan confirmaron fuentes oficiales, el Ejecutivo mantuvo una serie de reuniones informales con representantes de las prepagas con el objetivo de persuadirlos a que congelen los aumentos por tres meses. Pero, la respuesta fue rotunda y ante la negativa de las empresas, se agudiza el conflicto.<\/p>\n\n\n\n<p>As\u00ed, los empresarios no aceptaron y plantearon que reci\u00e9n podr\u00edan congelar las subas en junio o julio, ya que los valores estaban muy atrasados en relaci\u00f3n con la inflaci\u00f3n. Tras esta situaci\u00f3n, se cort\u00f3 el di\u00e1logo entre ambas partes y se tens\u00f3 a\u00fan m\u00e1s la relaci\u00f3n.<\/p>\n\n\n\n<p>\u201cEl Gobierno le pidi\u00f3 a las prepagas que el aumento sea 0 por tres meses y las prepagas dijeron que no. Que reci\u00e9n en junio o julio podr\u00edan plantear un aumento cero\u201d, confiaron en despachos oficiales. En tanto, las prepagas respondieron: \u201cNo estamos teniendo interlocutores con el Gobierno, motivo por el cual desconocemos cualquier informaci\u00f3n\u201d.<\/p>\n\n\n\n<p>En paralelo, avanza la\u00a0investigaci\u00f3n ante la sospecha de cartelizaci\u00f3n\u00a0en\u00a0la medicina prepaga\u00a0por los abusivos incrementos en el precio de la cuota mensual de los usuarios, que en algunos casos fueron de\u00a0m\u00e1s del 200 por ciento.\u00a0<\/p>\n\n\n\n<p>El presidente\u00a0Javier Milei, por su parte, sali\u00f3 a cuestionar al empresario\u00a0Claudio Belocopitt,\u00a0presidente de la Uni\u00f3n Argentina de la Salud y due\u00f1o de\u00a0Swiss Medical. Y luego, lo hizo el vocero presidencial,\u00a0Manuel Adorni, quien tom\u00f3 el guante y cuestion\u00f3 al sector y a sus \u201cconductas abusivas\u201d.<\/p>\n\n\n\n<p>En las \u00faltimas horas, el primer mandatario se\u00f1al\u00f3 a\u00a0Belocopitt\u00a0como la cabeza detr\u00e1s de las subas y lo destroz\u00f3 en la red social X.<\/p>\n\n\n\n<p>\u201cEl aumento de las prepagas tiene nombre y apellido: Claudio Belocopitt\u201d, afirm\u00f3 el posteo del usuario \u201c@usdtermo\u201d que fue compartido por Milei.<\/p>\n\n\n\n<p>\u201cEste garca maneja el monopolio de las prepagas, b\u00e1sicamente\u00a0caza en un zool\u00f3gico y hace lo que quiere\u201c, contin\u00fa\u00f3 en el mensaje.<\/p>\n\n\n\n<p>Y remat\u00f3: \u201cEs el due\u00f1o de Swiss Medical y presidente de las empresas de medicina prepaga. As\u00ed que tengas la prepaga que tengas, todas dependen de CLAUDIO BELOCOPITT.\u00a0Este sorete juega con la salud de la gente\u201c.<\/p>\n\n\n\n<p>Esto se suma a la denuncia que realizaron los diputados de la Coalici\u00f3n C\u00edvica,\u00a0Hern\u00e1n Reyes y Juan Manuel L\u00f3pez,\u00a0contra las empresas de medicina prepaga que integran la Uni\u00f3n Argentina de Salud (UAS), a cargo del mismo empresario, por incurrir a esa presunta cartelizaci\u00f3n para fijar los aumentos de precios de manera coordinada, lo cual afectar\u00eda negativamente a los usuarios del servicio.<\/p>\n\n\n\n<p>El recurso presentado refiere a la conducta prevista en el inciso a) del art\u00edculo 2 de la ley, que plantea que \u201clos acuerdos entre dos o m\u00e1s competidores, consistentes en contratos, convenios o arreglos cuyo objeto o efecto fuere: a) Concertar en forma directa o indirecta el precio de venta o compra de bienes o servicios al que se ofrecen o demanden en el mercado\u201d. Esta conducta se considera restrictiva de la competencia e ilegal y significa que, acreditada la conducta, se presume el incumplimiento a la ley de defensa de la competencia.<\/p>\n\n\n\n<p>Esta denuncia tom\u00f3 mayor relevancia luego de que Luis Caputo lanzara una dura advertencia a las empresas: \u201cLe est\u00e1n declarando la guerra a la clase media. Nosotros, desde el Gobierno, vamos a hacer todo lo que est\u00e9 a nuestro alcance para defender a la clase media\u201d, escribi\u00f3 el titular del Palacio de Hacienda.<\/p>\n","protected":false},"excerpt":{"rendered":"<p>En medio de la tensi\u00f3n por la suba en las cuotas, el Ejecutivo mantuvo una serie de reuniones informales con representantes de las empresas, pero recibi\u00f3 la espalda ante el pedido de dejar en pausa las subas. El\u00a0Gobierno\u00a0realiz\u00f3 un pedido concreto a las\u00a0prepagas\u00a0frente a los constantes aumentos que castigan al bolsillo de los\u00a0usuarios. Seg\u00fan confirmaron [&hellip;]<\/p>\n","protected":false},"author":2,"featured_media":3287,"comment_status":"open","ping_status":"open","sticky":false,"template":"","format":"standard","meta":{"footnotes":""},"categories":[23],"tags":[],"_links":{"self":[{"href":"https:\/\/enlamira.info\/index.php\/wp-json\/wp\/v2\/posts\/3285"}],"collection":[{"href":"https:\/\/enlamira.info\/index.php\/wp-json\/wp\/v2\/posts"}],"about":[{"href":"https:\/\/enlamira.info\/index.php\/wp-json\/wp\/v2\/types\/post"}],"author":[{"embeddable":true,"href":"https:\/\/enlamira.info\/index.php\/wp-json\/wp\/v2\/users\/2"}],"replies":[{"embeddable":true,"href":"https:\/\/enlamira.info\/index.php\/wp-json\/wp\/v2\/comments?post=3285"}],"version-history":[{"count":1,"href":"https:\/\/enlamira.info\/index.php\/wp-json\/wp\/v2\/posts\/3285\/revisions"}],"predecessor-version":[{"id":3286,"href":"https:\/\/enlamira.info\/index.php\/wp-json\/wp\/v2\/posts\/3285\/revisions\/3286"}],"wp:featuredmedia":[{"embeddable":true,"href":"https:\/\/enlamira.info\/index.php\/wp-json\/wp\/v2\/media\/3287"}],"wp:attachment":[{"href":"https:\/\/enlamira.info\/index.php\/wp-json\/wp\/v2\/media?parent=3285"}],"wp:term":[{"taxonomy":"category","embeddable":true,"href":"https:\/\/enlamira.info\/index.php\/wp-json\/wp\/v2\/categories?post=3285"},{"taxonomy":"post_tag","embeddable":true,"href":"https:\/\/enlamira.info\/index.php\/wp-json\/wp\/v2\/tags?post=3285"}],"curies":[{"name":"wp","href":"https:\/\/api.w.org\/{rel}","templated":true}]}}