{"id":3281,"date":"2024-04-14T21:28:18","date_gmt":"2024-04-15T00:28:18","guid":{"rendered":"https:\/\/enlamira.info\/?p=3281"},"modified":"2024-04-14T21:38:39","modified_gmt":"2024-04-15T00:38:39","slug":"isaac-herzog-aseguro-que-israel-no-busca-la-guerra-pero-esta-considerando-todas-las-opciones","status":"publish","type":"post","link":"https:\/\/enlamira.info\/index.php\/2024\/04\/14\/isaac-herzog-aseguro-que-israel-no-busca-la-guerra-pero-esta-considerando-todas-las-opciones\/","title":{"rendered":"Isaac Herzog asegur\u00f3 que Israel \u201cno busca la guerra\u201d pero \u201cest\u00e1 considerando todas las opciones\u201d"},"content":{"rendered":"\n<p>Tras el exitoso operativo de defensa que frustr\u00f3 las intenciones de Teher\u00e1n, el primer mandatario israel\u00ed afirm\u00f3 que est\u00e1n dispuestos a defender la naci\u00f3n frente a la ofensiva del vecino pa\u00eds.<\/p>\n\n\n\n<p>El presidente de\u00a0Israel,\u00a0Isaac Herzog,\u00a0explic\u00f3 en una entrevista a Sky News que su pa\u00eds est\u00e1\u00a0\u201cconsiderando todas las opciones\u201d, tras el ataque lanzado por\u00a0Ir\u00e1n\u00a0en la noche del s\u00e1bado.<\/p>\n\n\n\n<p>\u201cEsto es una declaraci\u00f3n de guerra\u201d, sentenci\u00f3. Sin embargo, agreg\u00f3: \u201cAhora, porque somos comedidos y porque conocemos las repercusiones, y porque tenemos deliberaciones con nuestros socios, estamos considerando todas las opciones y estoy bastante seguro de que tomaremos las medidas necesarias para proteger y defender a nuestro pueblo. No somo buscadores de guerras\u201d.<\/p>\n\n\n\n<p>\u201cYa es hora de que el mundo se enfrente a este imperio del mal en\u00a0Teher\u00e1n\u00a0y deje claro al r\u00e9gimen iran\u00ed que esto no puede pasar de largo, que es inaceptable\u201d, a\u00f1adi\u00f3\u00a0Herzog.<\/p>\n\n\n\n<p>Seg\u00fan inform\u00f3 el medio\u00a0New York Times, que cit\u00f3 a funcionarios estadounidenses bajo condici\u00f3n de anonimato, varios miembros del gabinete de guerra israel\u00ed se hab\u00edan mostrado partidarios de lanzar un ataque de respuesta, pero la falta de da\u00f1os graves causados por Ir\u00e1n, adem\u00e1s de una conversaci\u00f3n telef\u00f3nica entre el presidente estadounidense\u00a0Joe Biden\u00a0y el primer ministro israel\u00ed\u00a0Benjamin Netanyahu, hicieron que la idea se descartara por ahora.<\/p>\n\n\n\n<p>Estados Unidos ejerci\u00f3 presi\u00f3n sobre Israel para evitar una escalada en el conflicto con Ir\u00e1n, luego de los\u00a0ataques lanzados\u00a0por el r\u00e9gimen persa contra territorio israel\u00ed. La Casa Blanca reiter\u00f3 su compromiso con la seguridad de Israel y destac\u00f3 la capacidad del pa\u00eds para defenderse, al tiempo que llam\u00f3 a la moderaci\u00f3n y a\u00a0evitar una guerra m\u00e1s amplia. Aunque Estados Unidos inst\u00f3 a la prudencia,\u00a0la decisi\u00f3n final sobre la respuesta a los ataques iran\u00edes recae en Israel.<\/p>\n\n\n\n<p>Funcionarios estadounidenses informaron que, si bien\u00a0Biden\u00a0reiter\u00f3 su compromiso con la\u00a0<a href=\"https:\/\/www.nexofin.com\/notas\/1141122-regresa-a-argentina-milei-finalizo-antes-su-gira-internacional-por-el-ataque-de-iran-a-israel-n-\/\" target=\"_blank\" rel=\"noreferrer noopener\">seguridad<\/a>\u00a0de Israel durante una conversaci\u00f3n telef\u00f3nica con Netanyahu, no ofreci\u00f3 consejos espec\u00edficos sobre c\u00f3mo responder a los ataques de Ir\u00e1n.\u00a0La Casa Blanca confirm\u00f3 su postura de evitar una escalada del conflicto.<\/p>\n","protected":false},"excerpt":{"rendered":"<p>Tras el exitoso operativo de defensa que frustr\u00f3 las intenciones de Teher\u00e1n, el primer mandatario israel\u00ed afirm\u00f3 que est\u00e1n dispuestos a defender la naci\u00f3n frente a la ofensiva del vecino pa\u00eds. El presidente de\u00a0Israel,\u00a0Isaac Herzog,\u00a0explic\u00f3 en una entrevista a Sky News que su pa\u00eds est\u00e1\u00a0\u201cconsiderando todas las opciones\u201d, tras el ataque lanzado por\u00a0Ir\u00e1n\u00a0en la noche [&hellip;]<\/p>\n","protected":false},"author":2,"featured_media":3283,"comment_status":"open","ping_status":"open","sticky":false,"template":"","format":"standard","meta":{"footnotes":""},"categories":[30],"tags":[],"_links":{"self":[{"href":"https:\/\/enlamira.info\/index.php\/wp-json\/wp\/v2\/posts\/3281"}],"collection":[{"href":"https:\/\/enlamira.info\/index.php\/wp-json\/wp\/v2\/posts"}],"about":[{"href":"https:\/\/enlamira.info\/index.php\/wp-json\/wp\/v2\/types\/post"}],"author":[{"embeddable":true,"href":"https:\/\/enlamira.info\/index.php\/wp-json\/wp\/v2\/users\/2"}],"replies":[{"embeddable":true,"href":"https:\/\/enlamira.info\/index.php\/wp-json\/wp\/v2\/comments?post=3281"}],"version-history":[{"count":1,"href":"https:\/\/enlamira.info\/index.php\/wp-json\/wp\/v2\/posts\/3281\/revisions"}],"predecessor-version":[{"id":3282,"href":"https:\/\/enlamira.info\/index.php\/wp-json\/wp\/v2\/posts\/3281\/revisions\/3282"}],"wp:featuredmedia":[{"embeddable":true,"href":"https:\/\/enlamira.info\/index.php\/wp-json\/wp\/v2\/media\/3283"}],"wp:attachment":[{"href":"https:\/\/enlamira.info\/index.php\/wp-json\/wp\/v2\/media?parent=3281"}],"wp:term":[{"taxonomy":"category","embeddable":true,"href":"https:\/\/enlamira.info\/index.php\/wp-json\/wp\/v2\/categories?post=3281"},{"taxonomy":"post_tag","embeddable":true,"href":"https:\/\/enlamira.info\/index.php\/wp-json\/wp\/v2\/tags?post=3281"}],"curies":[{"name":"wp","href":"https:\/\/api.w.org\/{rel}","templated":true}]}}