{"id":3278,"date":"2024-04-14T21:27:15","date_gmt":"2024-04-15T00:27:15","guid":{"rendered":"https:\/\/enlamira.info\/?p=3278"},"modified":"2024-04-14T21:39:31","modified_gmt":"2024-04-15T00:39:31","slug":"javier-milei-recibio-al-embajador-del-estado-de-israel-en-la-argentina","status":"publish","type":"post","link":"https:\/\/enlamira.info\/index.php\/2024\/04\/14\/javier-milei-recibio-al-embajador-del-estado-de-israel-en-la-argentina\/","title":{"rendered":"Javier Milei recibi\u00f3 al embajador del Estado de Israel en la Argentina"},"content":{"rendered":"\n<p>Junto al comit\u00e9 de crisis, el jefe de Estado se reuni\u00f3 con el diplom\u00e1tico israel\u00ed luego de adelantar su regreso desde los Estados Unidos para convocar de urgencia a todo su gabinete.<\/p>\n\n\n\n<p>En Casa Rosada, el presidente\u00a0Javier Milei\u00a0encabeza este domingo una reuni\u00f3n del comit\u00e9 de crisis en la Casa Rosada y todo su Gabinete, de la que tambi\u00e9n participa el embajador de Israel en la Argentina,\u00a0Eyal Sela, que explic\u00f3 c\u00f3mo fueron los ataques de Ir\u00e1n.<\/p>\n\n\n\n<h3 class=\"wp-block-heading\">Comit\u00e9 de crisis<\/h3>\n\n\n\n<p>Luego de haber sido distinguido como \u201cEmbajador Internacional de la Luz\u201d por la comunidad jud\u00eda\u00a0Jabad Lubavitch\u00a0en\u00a0Estados\u00a0Unidos, el presidente\u00a0Javier\u00a0Milei\u00a0regres\u00f3 de manera anticipada a la Argentina para reunir de urgencia a todo su Gabinete en la Casa Rosada y formular una estrategia conjunta para cooperar con\u00a0Israel\u00a0tras los ataques de\u00a0Ir\u00e1n.<\/p>\n\n\n\n<p>El mandatario nacional despeg\u00f3 de Miami poco antes de las 9:00, a bordo de un vuelo comercial, y\u00a0aterriz\u00f3 pasadas las 18.30 en Buenos Aires\u00a0para dirigirse inmediatamente a la sede del Gobierno y all\u00ed, mantener un encuentro con sus funcionarios.<\/p>\n\n\n\n<p>Si bien al principio se preve\u00eda que el comit\u00e9 de crisis que se arm\u00f3 para enfrentar este acontecimiento estuviera integrado solamente por la canciller,\u00a0Diana Mondino, y el ministro de Defensa, Luis Petri,\u00a0finalmente tambi\u00e9n se conform\u00f3 un segundo, en el que est\u00e1n todos los funcionarios de alto rango involucrados.<\/p>\n\n\n\n<p>De acuerdo con lo que precisaron fuentes oficiales,\u00a0Mondino, adem\u00e1s de haber sido instruida por Milei para tomar contacto con sus pares de Estados Unidos, Francia, Alemania, Italia e Israel, buscar\u00e1 apoyo en Am\u00e9rica Latina.<\/p>\n\n\n\n<p>En este marco, la canciller visitar\u00e1 primero la capital de Brasil, para reunirse el lunes con su par de ese pa\u00eds, Mauro Vieira, y luego volar\u00e1 a San Pablo para encontrarse con el vicepresidente, Geraldo Alckmin.<\/p>\n\n\n\n<p>En Miami, Milei recibi\u00f3 informaci\u00f3n clasificada sobre el\u00a0ataque de Ir\u00e1n\u00a0contra Israel.\u00a0A trav\u00e9s de su jefe de Gabinete,\u00a0Nicol\u00e1s Posse, accedi\u00f3 a detalles clave sobre la ofensiva, que incluy\u00f3 la\u00a0interceptaci\u00f3n de 330 misiles y drones\u00a0disparados desde varios pa\u00edses de la regi\u00f3n. Esta informaci\u00f3n proviene de capitales occidentales y del gabinete de guerra israel\u00ed.<\/p>\n\n\n\n<p>El primer ataque de Ir\u00e1n se evalu\u00f3 como limitado en comparaci\u00f3n con su potencial b\u00e9lico completo, pero se advirti\u00f3 sobre la posibilidad de una ola m\u00e1s agresiva si Israel respond\u00eda.\u00a0Milei fij\u00f3 la l\u00ednea pol\u00edtica del\u00a0comunicado oficial\u00a0del gobierno, expresando solidaridad con Israel y respaldando su derecho a defenderse contra ataques terroristas.<\/p>\n\n\n\n<p>El comunicado oficial mostr\u00f3 diferencias con otros l\u00edderes latinoamericanos, como\u00a0Lula da Silva, Gustavo Petro y Andr\u00e9s Manuel L\u00f3pez Obrador, quienes\u00a0han cuestionado el derecho de\u00a0<a href=\"https:\/\/www.nexofin.com\/notas\/1141112-maxima-tension-en-israel-iran-lanzo-un-ataque-con-drones-que-impactaran-en-pocas-horas-n-\/\" target=\"_blank\" rel=\"noreferrer noopener\">Israel<\/a>\u00a0a defenderse. Solo el presidente de Paraguay, Santiago Pe\u00f1a, se aline\u00f3 con Milei en esta postura.<\/p>\n","protected":false},"excerpt":{"rendered":"<p>Junto al comit\u00e9 de crisis, el jefe de Estado se reuni\u00f3 con el diplom\u00e1tico israel\u00ed luego de adelantar su regreso desde los Estados Unidos para convocar de urgencia a todo su gabinete. En Casa Rosada, el presidente\u00a0Javier Milei\u00a0encabeza este domingo una reuni\u00f3n del comit\u00e9 de crisis en la Casa Rosada y todo su Gabinete, de [&hellip;]<\/p>\n","protected":false},"author":2,"featured_media":3280,"comment_status":"open","ping_status":"open","sticky":false,"template":"","format":"standard","meta":{"footnotes":""},"categories":[20],"tags":[],"_links":{"self":[{"href":"https:\/\/enlamira.info\/index.php\/wp-json\/wp\/v2\/posts\/3278"}],"collection":[{"href":"https:\/\/enlamira.info\/index.php\/wp-json\/wp\/v2\/posts"}],"about":[{"href":"https:\/\/enlamira.info\/index.php\/wp-json\/wp\/v2\/types\/post"}],"author":[{"embeddable":true,"href":"https:\/\/enlamira.info\/index.php\/wp-json\/wp\/v2\/users\/2"}],"replies":[{"embeddable":true,"href":"https:\/\/enlamira.info\/index.php\/wp-json\/wp\/v2\/comments?post=3278"}],"version-history":[{"count":1,"href":"https:\/\/enlamira.info\/index.php\/wp-json\/wp\/v2\/posts\/3278\/revisions"}],"predecessor-version":[{"id":3279,"href":"https:\/\/enlamira.info\/index.php\/wp-json\/wp\/v2\/posts\/3278\/revisions\/3279"}],"wp:featuredmedia":[{"embeddable":true,"href":"https:\/\/enlamira.info\/index.php\/wp-json\/wp\/v2\/media\/3280"}],"wp:attachment":[{"href":"https:\/\/enlamira.info\/index.php\/wp-json\/wp\/v2\/media?parent=3278"}],"wp:term":[{"taxonomy":"category","embeddable":true,"href":"https:\/\/enlamira.info\/index.php\/wp-json\/wp\/v2\/categories?post=3278"},{"taxonomy":"post_tag","embeddable":true,"href":"https:\/\/enlamira.info\/index.php\/wp-json\/wp\/v2\/tags?post=3278"}],"curies":[{"name":"wp","href":"https:\/\/api.w.org\/{rel}","templated":true}]}}