{"id":3261,"date":"2024-04-14T21:20:35","date_gmt":"2024-04-15T00:20:35","guid":{"rendered":"https:\/\/enlamira.info\/?p=3261"},"modified":"2024-04-14T21:44:28","modified_gmt":"2024-04-15T00:44:28","slug":"vibrante-definicion-del-calcio-si-inter-le-gana-el-clasico-al-milan-sera-campeon","status":"publish","type":"post","link":"https:\/\/enlamira.info\/index.php\/2024\/04\/14\/vibrante-definicion-del-calcio-si-inter-le-gana-el-clasico-al-milan-sera-campeon\/","title":{"rendered":"Vibrante definici\u00f3n del Calcio: si Inter le gana el cl\u00e1sico al Milan ser\u00e1 campe\u00f3n"},"content":{"rendered":"\n<p>El Nerazzurri igual\u00f3 2-2 con el Cagliari con Alexis S\u00e1nchez como titular.<\/p>\n\n\n\n<p>Inter de Mil\u00e1n empat\u00f3 su partido con el Cagliari\u00a0en el Giuseppe Meazza por la jornada 32 de la Serie A y el t\u00edtulo a\u00fan tiene que esperar\u2026<\/p>\n\n\n\n<p>Todos los condimentos para\u00a0<em>el Nerazzurri<\/em>:\u00a0si le gana el cl\u00e1sico al Milan la pr\u00f3xima fecha ser\u00e1 campe\u00f3n del Scudetto.<\/p>\n\n\n\n<p>El encuentro de este domingo fue igualdad 2-2 con goles de Marcus Thuram y Hakan \u00c7alhanoglu. El chileno\u00a0Alexis S\u00e1nchez\u00a0fue titular porque Lautaro Mart\u00ednez no fue de la partida.<\/p>\n\n\n\n<figure class=\"wp-block-embed is-type-video is-provider-youtube wp-block-embed-youtube wp-embed-aspect-16-9 wp-has-aspect-ratio\"><div class=\"wp-block-embed__wrapper\">\n<iframe loading=\"lazy\" title=\"\u00a1PARTIDAZO Y EMPATE CON SABOR SUDAMERICANO EN MILANO! | Inter 2-2 Cagliari | RESUMEN\" width=\"640\" height=\"360\" src=\"https:\/\/www.youtube.com\/embed\/tVVDpoyKFyc?feature=oembed\" frameborder=\"0\" allow=\"accelerometer; autoplay; clipboard-write; encrypted-media; gyroscope; picture-in-picture; web-share\" referrerpolicy=\"strict-origin-when-cross-origin\" allowfullscreen><\/iframe>\n<\/div><\/figure>\n\n\n\n<p>M\u00e1s presencia sudamericana. En el conjunto visitante jugaron el colombiano Yerri Mina y el peruano nacionalizado Gianluca Lapadula.<\/p>\n\n\n\n<p>El Derby Della Madonnina ser\u00e1 el pr\u00f3ximo lunes 22 de abril en el San Siro,\u00a0ya que\u00a0<em>el Rossonero<\/em>\u00a0oficiar\u00e1 como local. El Milan es escolta en el Calcio pero la diferencia insalvable es de 14 puntos.<\/p>\n","protected":false},"excerpt":{"rendered":"<p>El Nerazzurri igual\u00f3 2-2 con el Cagliari con Alexis S\u00e1nchez como titular. Inter de Mil\u00e1n empat\u00f3 su partido con el Cagliari\u00a0en el Giuseppe Meazza por la jornada 32 de la Serie A y el t\u00edtulo a\u00fan tiene que esperar\u2026 Todos los condimentos para\u00a0el Nerazzurri:\u00a0si le gana el cl\u00e1sico al Milan la pr\u00f3xima fecha ser\u00e1 campe\u00f3n [&hellip;]<\/p>\n","protected":false},"author":2,"featured_media":3263,"comment_status":"open","ping_status":"open","sticky":false,"template":"","format":"standard","meta":{"footnotes":""},"categories":[14],"tags":[],"_links":{"self":[{"href":"https:\/\/enlamira.info\/index.php\/wp-json\/wp\/v2\/posts\/3261"}],"collection":[{"href":"https:\/\/enlamira.info\/index.php\/wp-json\/wp\/v2\/posts"}],"about":[{"href":"https:\/\/enlamira.info\/index.php\/wp-json\/wp\/v2\/types\/post"}],"author":[{"embeddable":true,"href":"https:\/\/enlamira.info\/index.php\/wp-json\/wp\/v2\/users\/2"}],"replies":[{"embeddable":true,"href":"https:\/\/enlamira.info\/index.php\/wp-json\/wp\/v2\/comments?post=3261"}],"version-history":[{"count":1,"href":"https:\/\/enlamira.info\/index.php\/wp-json\/wp\/v2\/posts\/3261\/revisions"}],"predecessor-version":[{"id":3262,"href":"https:\/\/enlamira.info\/index.php\/wp-json\/wp\/v2\/posts\/3261\/revisions\/3262"}],"wp:featuredmedia":[{"embeddable":true,"href":"https:\/\/enlamira.info\/index.php\/wp-json\/wp\/v2\/media\/3263"}],"wp:attachment":[{"href":"https:\/\/enlamira.info\/index.php\/wp-json\/wp\/v2\/media?parent=3261"}],"wp:term":[{"taxonomy":"category","embeddable":true,"href":"https:\/\/enlamira.info\/index.php\/wp-json\/wp\/v2\/categories?post=3261"},{"taxonomy":"post_tag","embeddable":true,"href":"https:\/\/enlamira.info\/index.php\/wp-json\/wp\/v2\/tags?post=3261"}],"curies":[{"name":"wp","href":"https:\/\/api.w.org\/{rel}","templated":true}]}}