{"id":3249,"date":"2024-04-13T19:54:11","date_gmt":"2024-04-13T22:54:11","guid":{"rendered":"https:\/\/enlamira.info\/?p=3249"},"modified":"2024-04-13T19:54:18","modified_gmt":"2024-04-13T22:54:18","slug":"la-ucede-se-reunio-en-la-provincia-de-bs-as-y-movilizo-a-la-oposicion-bonaerense","status":"publish","type":"post","link":"https:\/\/enlamira.info\/index.php\/2024\/04\/13\/la-ucede-se-reunio-en-la-provincia-de-bs-as-y-movilizo-a-la-oposicion-bonaerense\/","title":{"rendered":"La Ucede se reuni\u00f3 en la provincia de Bs As. y moviliz\u00f3 a la oposici\u00f3n bonaerense."},"content":{"rendered":"\n<p>En las \u00faltimas horas, referentes de partidos y agrupaciones opositoras de la provincia, se reunieron para consensuar acciones pol\u00edticas y pol\u00edticas p\u00fablicas tendientes a mejorar la calidad de vida de los bonaerenses.<br>Del encuentro, celebrado este s\u00e1bado en la ciudad de Canning, partido de Esteban Echeverr\u00eda, fue anfitri\u00f3n Andr\u00e9s Passamonti, presidente del Comit\u00e9 Nacional de la UCeDe, quien se haya abocado al rearmado partidario en la provincia. \u201cLa unidad en la diversidad de matices, es vital para poner fin al kirchnerismo que tanto da\u00f1o ha causado y sigue causando a los vecinos de la provincia\u201d manifest\u00f3 Passamonti. A su tiempo, cada uno de los participantes fu\u00e9 exponiendo su punto de vista, que gir\u00f3 en torno a las formas de apoyar al presidente Milei y las mejores estrategias para arrebatarle la provincia a kirchnerismo, para beneficio de los que viven y trabajan en la provincia de Buenos Aires. \u201cLos liberales, los pol\u00edticos que entienden que estamos al servicio de la gente y no al rev\u00e9s, tienen un espacio en la UCeDe y ponemos la herramienta jur\u00eddica a disposici\u00f3n de una alianza mayor, libre de ego\u00edsmos o personalismos que tanto da\u00f1o hacen al crecimiento y la renovaci\u00f3n de la pol\u00edtica . Hoy hemos dado el puntapi\u00e9 inicial al cambio definitivo. \u201c finaliz\u00f3 Passamonti.<\/p>\n","protected":false},"excerpt":{"rendered":"<p>En las \u00faltimas horas, referentes de partidos y agrupaciones opositoras de la provincia, se reunieron para consensuar acciones pol\u00edticas y pol\u00edticas p\u00fablicas tendientes a mejorar la calidad de vida de los bonaerenses.Del encuentro, celebrado este s\u00e1bado en la ciudad de Canning, partido de Esteban Echeverr\u00eda, fue anfitri\u00f3n Andr\u00e9s Passamonti, presidente del Comit\u00e9 Nacional de la [&hellip;]<\/p>\n","protected":false},"author":2,"featured_media":3250,"comment_status":"open","ping_status":"open","sticky":false,"template":"","format":"standard","meta":{"footnotes":""},"categories":[34],"tags":[],"_links":{"self":[{"href":"https:\/\/enlamira.info\/index.php\/wp-json\/wp\/v2\/posts\/3249"}],"collection":[{"href":"https:\/\/enlamira.info\/index.php\/wp-json\/wp\/v2\/posts"}],"about":[{"href":"https:\/\/enlamira.info\/index.php\/wp-json\/wp\/v2\/types\/post"}],"author":[{"embeddable":true,"href":"https:\/\/enlamira.info\/index.php\/wp-json\/wp\/v2\/users\/2"}],"replies":[{"embeddable":true,"href":"https:\/\/enlamira.info\/index.php\/wp-json\/wp\/v2\/comments?post=3249"}],"version-history":[{"count":1,"href":"https:\/\/enlamira.info\/index.php\/wp-json\/wp\/v2\/posts\/3249\/revisions"}],"predecessor-version":[{"id":3251,"href":"https:\/\/enlamira.info\/index.php\/wp-json\/wp\/v2\/posts\/3249\/revisions\/3251"}],"wp:featuredmedia":[{"embeddable":true,"href":"https:\/\/enlamira.info\/index.php\/wp-json\/wp\/v2\/media\/3250"}],"wp:attachment":[{"href":"https:\/\/enlamira.info\/index.php\/wp-json\/wp\/v2\/media?parent=3249"}],"wp:term":[{"taxonomy":"category","embeddable":true,"href":"https:\/\/enlamira.info\/index.php\/wp-json\/wp\/v2\/categories?post=3249"},{"taxonomy":"post_tag","embeddable":true,"href":"https:\/\/enlamira.info\/index.php\/wp-json\/wp\/v2\/tags?post=3249"}],"curies":[{"name":"wp","href":"https:\/\/api.w.org\/{rel}","templated":true}]}}