{"id":3244,"date":"2024-04-13T15:26:54","date_gmt":"2024-04-13T18:26:54","guid":{"rendered":"https:\/\/enlamira.info\/?p=3244"},"modified":"2024-04-13T15:27:45","modified_gmt":"2024-04-13T18:27:45","slug":"la-polemica-advertencia-del-abogado-defensor-de-maximo-thomsen-saldra-de-la-carcel-en-un-feretro","status":"publish","type":"post","link":"https:\/\/enlamira.info\/index.php\/2024\/04\/13\/la-polemica-advertencia-del-abogado-defensor-de-maximo-thomsen-saldra-de-la-carcel-en-un-feretro\/","title":{"rendered":"La pol\u00e9mica advertencia del abogado defensor de M\u00e1ximo Thomsen: \u201cSaldr\u00e1 de la c\u00e1rcel en un f\u00e9retro\u201d"},"content":{"rendered":"\n<p>En un escrito donde solicit\u00f3 que se descarte la figura de homicidio en agresi\u00f3n y que se quite el dolo en la pena por el asesinato, su letrado pidi\u00f3 se le permita enfrentar un nuevo juicio porque as\u00ed, el joven condenado \u201cno volver\u00e1 a poner un pie en la calle durante el resto de su vida\u201d.<\/p>\n\n\n\n<p>M\u00e1ximo\u00a0Thomsen, uno de los j\u00f3venes\u00a0condenados\u00a0a cadena perpetua por el homicidio de\u00a0Fernando\u00a0B\u00e1ez\u00a0Sosa, solicit\u00f3 a trav\u00e9s de un recurso de nulidad que la Justicia revoque la pena y le permita enfrentar un nuevo juicio.<\/p>\n\n\n\n<p>Hace d\u00edas, el joven\u00a0contrat\u00f3\u00a0al abogado\u00a0Francisco Oneto\u00a0para que lleve adelante su defensa, luego de que la C\u00e1mara de\u00a0Casaci\u00f3n\u00a0bonaerense\u00a0confirmara las condenas que fueron impuestas por el Tribunal Oral en lo Criminal N\u00b01 de Dolores<\/p>\n\n\n\n<p>En febrero de 2023, a tres a\u00f1os del salvaje ataque,\u00a0M\u00e1ximo Thomsen, Ciro Pertossi, Enzo Comelli, Mat\u00edas Benicelli y Luciano Pertossi\u00a0fueron condenados a prisi\u00f3n perpetua. En tanto,\u00a0Ayrton Viollaz, Blas Cinalli y Lucas Pertossi\u00a0recibieron penas de 15 a\u00f1os de c\u00e1rcel como part\u00edcipes secundarios. En 2024, el Tribunal de segunda instancia confirm\u00f3 las penas.<\/p>\n\n\n\n<p>Si bien resulta poco probable que su pena sea reducida, su abogado,\u00a0Francisco Oneto, present\u00f3 un escrito en el que adem\u00e1s pidi\u00f3 que se califique el hecho como \u201chomicidio en agresi\u00f3n\u201d, el cual prev\u00e9 una pena m\u00e1xima de seis a\u00f1os de prisi\u00f3n.<\/p>\n\n\n\n<p>Entre los argumentos esbozados ante la Suprema Corte de Justicia de la Provincia de Buenos Aires, del letrado destac\u00f3: \u201cEstamos frente a una condena que excede largamente los 10 a\u00f1os de prisi\u00f3n, siendo literalmente prisi\u00f3n para toda la vida, por operatividad de los arts. 14 y 80 inc. 6 del C\u00f3digo Penal, estableciendo expresamente el primero, que los condenados por homicidios agravados no tienen derecho a libertad condicional\u201d.<\/p>\n\n\n\n<p>Luego,\u00a0Oneto\u00a0lanz\u00f3 una dura advertencia ante el m\u00e1ximo tribunal: \u201cTraducido esto a t\u00e9rminos m\u00e1s llanos, quiere decir que\u00a0M\u00e1ximo Pablo Thomsen, hoy de 24 a\u00f1os de edad, no volver\u00e1 a poner un pie fuera de la c\u00e1rcel durante el resto de su vida, y solo saldr\u00e1 de la instituci\u00f3n penitenciaria en un f\u00e9retro cuando culmine su vida en este plano material\u201d.<\/p>\n\n\n\n<p>\u201cManifestamos un err\u00f3neo descarte de la figura de homicidio en agresi\u00f3n y, eventualmente, que se quite el dolo de la pena\u201d, indic\u00f3&nbsp;<strong>Oneto<\/strong>, luego de presentar el recurso durante la ma\u00f1ana del viernes.<\/p>\n\n\n\n<p>\u201cLos jueces dicen que no corresponde el art\u00edculo 95 del C\u00f3digo Penal, que reglamente la figura de homicidio en agresi\u00f3n, porque esa figura exige que no se sepa qui\u00e9n produjo la muerte y ac\u00e1 se sabe que la muerte la produjeron todos. Esta parte afirma que sostener que la produjeron todos es no saber qui\u00e9n hizo el aporte diferenciado para que se produzca la muerte. De modo tal que es inaplicable\u201d, insisti\u00f3 el abogado.<\/p>\n","protected":false},"excerpt":{"rendered":"<p>En un escrito donde solicit\u00f3 que se descarte la figura de homicidio en agresi\u00f3n y que se quite el dolo en la pena por el asesinato, su letrado pidi\u00f3 se le permita enfrentar un nuevo juicio porque as\u00ed, el joven condenado \u201cno volver\u00e1 a poner un pie en la calle durante el resto de su [&hellip;]<\/p>\n","protected":false},"author":2,"featured_media":3247,"comment_status":"open","ping_status":"open","sticky":false,"template":"","format":"standard","meta":{"footnotes":""},"categories":[32],"tags":[],"_links":{"self":[{"href":"https:\/\/enlamira.info\/index.php\/wp-json\/wp\/v2\/posts\/3244"}],"collection":[{"href":"https:\/\/enlamira.info\/index.php\/wp-json\/wp\/v2\/posts"}],"about":[{"href":"https:\/\/enlamira.info\/index.php\/wp-json\/wp\/v2\/types\/post"}],"author":[{"embeddable":true,"href":"https:\/\/enlamira.info\/index.php\/wp-json\/wp\/v2\/users\/2"}],"replies":[{"embeddable":true,"href":"https:\/\/enlamira.info\/index.php\/wp-json\/wp\/v2\/comments?post=3244"}],"version-history":[{"count":1,"href":"https:\/\/enlamira.info\/index.php\/wp-json\/wp\/v2\/posts\/3244\/revisions"}],"predecessor-version":[{"id":3245,"href":"https:\/\/enlamira.info\/index.php\/wp-json\/wp\/v2\/posts\/3244\/revisions\/3245"}],"wp:featuredmedia":[{"embeddable":true,"href":"https:\/\/enlamira.info\/index.php\/wp-json\/wp\/v2\/media\/3247"}],"wp:attachment":[{"href":"https:\/\/enlamira.info\/index.php\/wp-json\/wp\/v2\/media?parent=3244"}],"wp:term":[{"taxonomy":"category","embeddable":true,"href":"https:\/\/enlamira.info\/index.php\/wp-json\/wp\/v2\/categories?post=3244"},{"taxonomy":"post_tag","embeddable":true,"href":"https:\/\/enlamira.info\/index.php\/wp-json\/wp\/v2\/tags?post=3244"}],"curies":[{"name":"wp","href":"https:\/\/api.w.org\/{rel}","templated":true}]}}