{"id":3236,"date":"2024-04-13T15:24:30","date_gmt":"2024-04-13T18:24:30","guid":{"rendered":"https:\/\/enlamira.info\/?p=3236"},"modified":"2024-04-13T15:32:10","modified_gmt":"2024-04-13T18:32:10","slug":"en-2023-kicillof-gasto-mas-de-3-600-millones-en-programas-de-diversidad-sexual","status":"publish","type":"post","link":"https:\/\/enlamira.info\/index.php\/2024\/04\/13\/en-2023-kicillof-gasto-mas-de-3-600-millones-en-programas-de-diversidad-sexual\/","title":{"rendered":"En 2023, Kicillof gast\u00f3 m\u00e1s de $3.600 millones en programas de diversidad sexual"},"content":{"rendered":"\n<p>Fueron implementados desde el Ministerio de Mujeres, Pol\u00edticas de G\u00e9nero y Diversidad Sexual de la provincia de Buenos Aires, a cargo de Estela D\u00edaz.<\/p>\n\n\n\n<p>El gobernador\u00a0Axel\u00a0Kicillof\u00a0autoriz\u00f3 una serie de programas durante el 2023, impulsados desde el\u00a0Ministerio de Mujeres, Pol\u00edticas de G\u00e9nero y Diversidad Sexual\u00a0de la provincia de\u00a0Buenos\u00a0Aires.<\/p>\n\n\n\n<p>De acuerdo a documentaci\u00f3n oficial del Ministerio de Econom\u00eda bonaerense, publicada recientemente en una investigaci\u00f3n de El Disenso, el Gobierno\u00a0provincial\u00a0asumi\u00f3 el costo de\u00a0$3.621.241.626 a\u00a0en estas pol\u00edticas de g\u00e9nero.<\/p>\n\n\n\n<p>La ministra de Mujeres, Pol\u00edticas de G\u00e9nero y Diversidad Sexual,\u00a0Estela D\u00edaz, implement\u00f3 una larga lista de acciones p\u00fablicas orientadas a la diversidad sexual, que asumieron el monto de $4.321.897.000 para la gesti\u00f3n provincial, dividido en:<\/p>\n\n\n\n<figure class=\"wp-block-image size-full\"><img loading=\"lazy\" decoding=\"async\" width=\"807\" height=\"523\" src=\"https:\/\/enlamira.info\/wp-content\/uploads\/2024\/04\/image-13.png\" alt=\"\" class=\"wp-image-3237\" srcset=\"https:\/\/enlamira.info\/wp-content\/uploads\/2024\/04\/image-13.png 807w, https:\/\/enlamira.info\/wp-content\/uploads\/2024\/04\/image-13-300x194.png 300w, https:\/\/enlamira.info\/wp-content\/uploads\/2024\/04\/image-13-768x498.png 768w\" sizes=\"(max-width: 807px) 100vw, 807px\" \/><\/figure>\n\n\n\n<p>Dentro de cada uno de estos \u00edtems, aparecen nuevos programas a los que les fueron destinados otras sumas. Entre ellos:<\/p>\n\n\n\n<ul>\n<li>Programa \u201cMar Para Todas\u201c: promueve viajes de turismo social e igualitario a complejos vacacionales estatales, totalmente cubiertos por el Estado, para mujeres y personas LGBTI+<\/li>\n\n\n\n<li>\u201cPlan de Protecci\u00f3n Social Travesti Trans\u201c<\/li>\n\n\n\n<li>Programa \u201cYendo\u201c: organiza talleres como \u201cA los celos ni cabida\u201d para juventudes, en la lucha contra las violencias por razones de g\u00e9nero.<\/li>\n\n\n\n<li>\u201cPAIF: Programa de abordaje Integral de respuesta ante femicidios, travesticidios y transfemicidios\u201c, que incluye apoyo econ\u00f3mico<\/li>\n\n\n\n<li>Programa \u201cMunicipios por la Igualdad\u201c, destinado a involucrar a mujeres y personas LGTBI+.<\/li>\n\n\n\n<li>Programa \u201cCiencia sin Estereotipos\u201c, para visibilizar y promover la participaci\u00f3n de mujeres e identidades LGTBI+ en la ciencia.<\/li>\n\n\n\n<li>Programa \u201cConstruir Igualdad\u201c, que ofrece un proceso de \u201csensibilizaci\u00f3n y acompa\u00f1amiento\u201d en pol\u00edticas de acceso al empleo, mecanismos de ascenso, pol\u00edtica de cuidado y cupos laborales para personas travesti-trans.<br>Programa \u201cTramando Derechos\u201c, facilita el acceso a derechos y pol\u00edticas p\u00fablicas para mujeres y personas LGTBI+ que pertenezcan a organizaciones de la sociedad civil y realicen tareas comunitarias.<\/li>\n\n\n\n<li>Programa \u201cAbordaje Feminista Interseccional\u201c, que difunde la perspectiva intercultural de los Pueblos Originarios que habitan la Provincia de Buenos Aires, y brinda acompa\u00f1amiento y asesoramiento t\u00e9cnico administrativo a mujeres y personas LGBTI+.<\/li>\n\n\n\n<li>Programa \u201cDesendeudadas\u201c, para la cancelaci\u00f3n de deudas contra\u00eddas por mujeres y personas LGBTI+.<br>Programa \u201cEllas no estaban pintadas\u201d, sobre mujeres e integrantes del colectivo LGTBIQ+ protagonistas en la construcci\u00f3n de la identidad de sus comunidades.<\/li>\n\n\n\n<li>Programa \u201cESI con Amigues\u201d, que promueve talleres tem\u00e1ticos de sensibilizaci\u00f3n para adolescentes, donde se distribuye una importante variedad de merchandising bonaerense entre los asistentes.<\/li>\n\n\n\n<li>Programa \u201cUna provincia, todos los colores \u201c, para el reconocimiento, visibilizaci\u00f3n garant\u00eda de derechos para el colectivo LGTBI+.<\/li>\n<\/ul>\n","protected":false},"excerpt":{"rendered":"<p>Fueron implementados desde el Ministerio de Mujeres, Pol\u00edticas de G\u00e9nero y Diversidad Sexual de la provincia de Buenos Aires, a cargo de Estela D\u00edaz. El gobernador\u00a0Axel\u00a0Kicillof\u00a0autoriz\u00f3 una serie de programas durante el 2023, impulsados desde el\u00a0Ministerio de Mujeres, Pol\u00edticas de G\u00e9nero y Diversidad Sexual\u00a0de la provincia de\u00a0Buenos\u00a0Aires. De acuerdo a documentaci\u00f3n oficial del Ministerio de [&hellip;]<\/p>\n","protected":false},"author":2,"featured_media":3239,"comment_status":"open","ping_status":"open","sticky":false,"template":"","format":"standard","meta":{"footnotes":""},"categories":[20],"tags":[],"_links":{"self":[{"href":"https:\/\/enlamira.info\/index.php\/wp-json\/wp\/v2\/posts\/3236"}],"collection":[{"href":"https:\/\/enlamira.info\/index.php\/wp-json\/wp\/v2\/posts"}],"about":[{"href":"https:\/\/enlamira.info\/index.php\/wp-json\/wp\/v2\/types\/post"}],"author":[{"embeddable":true,"href":"https:\/\/enlamira.info\/index.php\/wp-json\/wp\/v2\/users\/2"}],"replies":[{"embeddable":true,"href":"https:\/\/enlamira.info\/index.php\/wp-json\/wp\/v2\/comments?post=3236"}],"version-history":[{"count":2,"href":"https:\/\/enlamira.info\/index.php\/wp-json\/wp\/v2\/posts\/3236\/revisions"}],"predecessor-version":[{"id":3240,"href":"https:\/\/enlamira.info\/index.php\/wp-json\/wp\/v2\/posts\/3236\/revisions\/3240"}],"wp:featuredmedia":[{"embeddable":true,"href":"https:\/\/enlamira.info\/index.php\/wp-json\/wp\/v2\/media\/3239"}],"wp:attachment":[{"href":"https:\/\/enlamira.info\/index.php\/wp-json\/wp\/v2\/media?parent=3236"}],"wp:term":[{"taxonomy":"category","embeddable":true,"href":"https:\/\/enlamira.info\/index.php\/wp-json\/wp\/v2\/categories?post=3236"},{"taxonomy":"post_tag","embeddable":true,"href":"https:\/\/enlamira.info\/index.php\/wp-json\/wp\/v2\/tags?post=3236"}],"curies":[{"name":"wp","href":"https:\/\/api.w.org\/{rel}","templated":true}]}}