{"id":3226,"date":"2024-04-13T15:21:52","date_gmt":"2024-04-13T18:21:52","guid":{"rendered":"https:\/\/enlamira.info\/?p=3226"},"modified":"2024-04-13T15:34:09","modified_gmt":"2024-04-13T18:34:09","slug":"el-gobierno-de-la-pampa-denuncio-a-milei-ante-la-corte-suprema-por-los-fondos-previsionales","status":"publish","type":"post","link":"https:\/\/enlamira.info\/index.php\/2024\/04\/13\/el-gobierno-de-la-pampa-denuncio-a-milei-ante-la-corte-suprema-por-los-fondos-previsionales\/","title":{"rendered":"El Gobierno de la Pampa denunci\u00f3 a Milei ante la Corte Suprema por los fondos previsionales"},"content":{"rendered":"\n<p>El mandatario provincial, Sergio Ziliotto, recurri\u00f3 al m\u00e1ximo tribunal para reclamar los m\u00e1s de $5000 millones que le adeuda el Estado nacional.<\/p>\n\n\n\n<p>El gobernador de La Pampa,\u00a0Sergio\u00a0Ziliotto, decidi\u00f3 recurrir a la\u00a0Corte\u00a0Suprema de Justicia\u00a0para exigir la devoluci\u00f3n de los fondos previsionales que la Naci\u00f3n adeuda a la\u00a0provincia. De esta manera, suma un nuevo conflicto con el gobierno de\u00a0Javier Milei\u00a0ya que en febrero hab\u00eda realizado una presentaci\u00f3n judicial por la eliminaci\u00f3n del\u00a0Fondo\u00a0de Compensaci\u00f3n al Transporte P\u00fablico\u00a0para el Interior.<\/p>\n\n\n\n<p>Ante el m\u00e1ximo \u00f3rgano judicial, el mandatario\u00a0provincial\u00a0present\u00f3 una demanda para solicitar que \u201cse ordene pagar en forma inmediata la deuda del gobierno nacional en concepto de d\u00e9ficits de las cajas previsionales\u201d.<\/p>\n\n\n\n<p>D\u00edas antes,\u00a0Ziliotto\u00a0hab\u00eda insistido sobre el riesgo \u201cen que se ha puesto las cajas previsionales de la provincia, puntualizando que en virtud del DNU del Gobierno nacional, el Estado provincial se vio obligado a solventar con fondos propios sumas que deben ser pagadas por la Naci\u00f3n\u201d.<\/p>\n\n\n\n<p>\u201cNo es la primera vez que se interpone un recurso de este tipo. La anterior fue en 2017 por el entonces gobernador Carlos Verna. Ello deriv\u00f3 en un acuerdo con el Gobierno Nacional en 2021 percibiendo la provincia los d\u00e9ficits de 2009 a 2014. Y mediante gestiones administrativas se recibi\u00f3 lo correspondiente a los a\u00f1os 2017 a 2020 y a los anticipos que marca la normativa, hasta 2023\u2033, expresaron desde su entorno.<\/p>\n\n\n\n<p>Un art\u00edculo publicado por el medio La Arena precis\u00f3 que la deuda, estimada por auditor\u00edas realizadas por el Instituto de Seguridad Social (ISS) del a\u00f1o 2024, calculadas al 31 de marzo, es de<strong>&nbsp;$5.104.478.586,96<\/strong>.<\/p>\n\n\n\n<p>\u201cA ello se suman los d\u00e9ficits de 2020, 2021, 2022 y 2023\u2033, detallaron y explicaron que\u00a0\u201cdel a\u00f1o 2020 solo se reclama la actualizaci\u00f3n, habida cuenta que el anterior gobierno nacional efectiviz\u00f3 el pago de ese ese per\u00edodo. Del resto de los a\u00f1os se reclama el d\u00e9ficit actualizado, descontando los anticipos recibidos\u201d.<\/p>\n\n\n\n<p>Ante esto, y en atenci\u00f3n a la gravedad y urgencia del caso, el Ejecutivo le \u201csolicit\u00f3 a la Corte que como medida cautelar se deje sin efecto el Decreto N\u00b0 280\/2024 de fecha 26 de marzo, mediante el cual se elimina los art\u00edculos 92, 93 y 94 de la Ley 27.701 y se instaure el sistema, ordenando al Estado Nacional abonar los anticipos mensuales a la Provincia de La Pampa en la materia conforme al derecho vigente\u201d.<\/p>\n\n\n\n<p>El gobernador bonaerense,\u00a0Axel\u00a0Kicillof, por su parte, realiz\u00f3 este viernes dos presentaciones judiciales ante la Corte Suprema para pedir la intervenci\u00f3n del m\u00e1ximo tribunal en el conflicto por el recorte de fondos a las provincias que viene aplicando\u00a0Javier\u00a0Milei.<\/p>\n\n\n\n<p>\u201cHay una demanda que entabl\u00f3 la Provincia, con patrocinio del Estado, que est\u00e1 trabada. En el curso de la presente jornada (viernes) se van a presentar dos. Ser\u00e1n por el restablecimiento del Fondo de Incentivo Docente y el Fondo de Compensaci\u00f3n para el Transporte del Interior\u201d, afirm\u00f3\u00a0Santiago P\u00e9rez Teruel, asesor general de Gobierno de la Provincia de Buenos Aires. Seg\u00fan trascendi\u00f3, los dos fondos representan m\u00e1s de $15 mil millones mensuales.<\/p>\n","protected":false},"excerpt":{"rendered":"<p>El mandatario provincial, Sergio Ziliotto, recurri\u00f3 al m\u00e1ximo tribunal para reclamar los m\u00e1s de $5000 millones que le adeuda el Estado nacional. El gobernador de La Pampa,\u00a0Sergio\u00a0Ziliotto, decidi\u00f3 recurrir a la\u00a0Corte\u00a0Suprema de Justicia\u00a0para exigir la devoluci\u00f3n de los fondos previsionales que la Naci\u00f3n adeuda a la\u00a0provincia. De esta manera, suma un nuevo conflicto con el [&hellip;]<\/p>\n","protected":false},"author":2,"featured_media":3229,"comment_status":"open","ping_status":"open","sticky":false,"template":"","format":"standard","meta":{"footnotes":""},"categories":[20],"tags":[],"_links":{"self":[{"href":"https:\/\/enlamira.info\/index.php\/wp-json\/wp\/v2\/posts\/3226"}],"collection":[{"href":"https:\/\/enlamira.info\/index.php\/wp-json\/wp\/v2\/posts"}],"about":[{"href":"https:\/\/enlamira.info\/index.php\/wp-json\/wp\/v2\/types\/post"}],"author":[{"embeddable":true,"href":"https:\/\/enlamira.info\/index.php\/wp-json\/wp\/v2\/users\/2"}],"replies":[{"embeddable":true,"href":"https:\/\/enlamira.info\/index.php\/wp-json\/wp\/v2\/comments?post=3226"}],"version-history":[{"count":2,"href":"https:\/\/enlamira.info\/index.php\/wp-json\/wp\/v2\/posts\/3226\/revisions"}],"predecessor-version":[{"id":3230,"href":"https:\/\/enlamira.info\/index.php\/wp-json\/wp\/v2\/posts\/3226\/revisions\/3230"}],"wp:featuredmedia":[{"embeddable":true,"href":"https:\/\/enlamira.info\/index.php\/wp-json\/wp\/v2\/media\/3229"}],"wp:attachment":[{"href":"https:\/\/enlamira.info\/index.php\/wp-json\/wp\/v2\/media?parent=3226"}],"wp:term":[{"taxonomy":"category","embeddable":true,"href":"https:\/\/enlamira.info\/index.php\/wp-json\/wp\/v2\/categories?post=3226"},{"taxonomy":"post_tag","embeddable":true,"href":"https:\/\/enlamira.info\/index.php\/wp-json\/wp\/v2\/tags?post=3226"}],"curies":[{"name":"wp","href":"https:\/\/api.w.org\/{rel}","templated":true}]}}