{"id":3210,"date":"2024-04-13T15:17:10","date_gmt":"2024-04-13T18:17:10","guid":{"rendered":"https:\/\/enlamira.info\/?p=3210"},"modified":"2024-04-13T15:37:53","modified_gmt":"2024-04-13T18:37:53","slug":"causa-de-abuso-sexual-en-boca-riquelme-es-apuntado-por-el-fiscal-tras-la-condena-de-martinez","status":"publish","type":"post","link":"https:\/\/enlamira.info\/index.php\/2024\/04\/13\/causa-de-abuso-sexual-en-boca-riquelme-es-apuntado-por-el-fiscal-tras-la-condena-de-martinez\/","title":{"rendered":"Causa de abuso sexual en Boca: Riquelme es apuntado por el fiscal tras la condena de Mart\u00ednez"},"content":{"rendered":"\n<p>La victima volver\u00e1 a declarar el pr\u00f3ximo lunes en el marco de la acusaci\u00f3n por falso testimonio contra parte del Consejo de f\u00fatbol, en un chat donde se encontrar\u00eda el presidente del club.<\/p>\n\n\n\n<p>El Mundo Boca est\u00e1 que arde tras el fallo en la causa por abuso sexual contra Jorge Mart\u00ednez, quien fuese director t\u00e9cnico del equipo femenino del conjunto azul y oro. Esto no se debe solo a la condena por un a\u00f1o del acusado, sino tambien por\u00a0el punto seis de la resoluci\u00f3n.\u00a0<\/p>\n\n\n\n<p>\u201cPongase a disposici\u00f3n del Ministerio P\u00fablico Fiscal la totalidad de las actuaciones de la presente causa a efectos de que junto con las piezas pertinentes, inicie las investigaciones que crea correspondan tal como solicit\u00f3 en su alegato\u201d, dice el mismo, lo cual significar\u00eda que podr\u00eda\u00a0investigar al club por encubrimiento, a Marcelo \u201cChelo\u201dDelgado y Jorge el Patr\u00f3n Berm\u00fadez por falso testimonio.\u00a0<\/p>\n\n\n\n<p>De esta manera, tambi\u00e9n quedar\u00e1 en la mira nada m\u00e1s y nada menos que\u00a0Juan Rom\u00e1n Riquelme, presidente del club, y su hermano\u00a0Cristian. Un miembro de la investigaci\u00f3n dio mayor data a Infobae:\u00a0\u201cPor qu\u00e9 apuntamos tambi\u00e9n a Riquelme? Porque un miembro del plantel femenino declar\u00f3 que el Chelo Delgado le dijo que calmara a Florencia para que no vaya a la Justicia, que lo iban a resolver y que el Chanchi y el Uno ya estaban al tanto de todo. Y nuestra hip\u00f3tesis es que no lo resolvieron porque al equipo le iba b\u00e1rbaro deportivamente y privilegiaron entonces encubrir al t\u00e9cnico ante esta situaci\u00f3n\u201d.<\/p>\n\n\n\n<p>Esto podr\u00eda escalar mucho m\u00e1s alto, debido a que la condena por encubrimiento ser\u00eda de seis meses a tres a\u00f1os de prisi\u00f3n\u00a0\u00a0condicional seg\u00fan el C\u00f3digo Penal argentino.<\/p>\n","protected":false},"excerpt":{"rendered":"<p>La victima volver\u00e1 a declarar el pr\u00f3ximo lunes en el marco de la acusaci\u00f3n por falso testimonio contra parte del Consejo de f\u00fatbol, en un chat donde se encontrar\u00eda el presidente del club. El Mundo Boca est\u00e1 que arde tras el fallo en la causa por abuso sexual contra Jorge Mart\u00ednez, quien fuese director t\u00e9cnico [&hellip;]<\/p>\n","protected":false},"author":2,"featured_media":3212,"comment_status":"open","ping_status":"open","sticky":false,"template":"","format":"standard","meta":{"footnotes":""},"categories":[14],"tags":[],"_links":{"self":[{"href":"https:\/\/enlamira.info\/index.php\/wp-json\/wp\/v2\/posts\/3210"}],"collection":[{"href":"https:\/\/enlamira.info\/index.php\/wp-json\/wp\/v2\/posts"}],"about":[{"href":"https:\/\/enlamira.info\/index.php\/wp-json\/wp\/v2\/types\/post"}],"author":[{"embeddable":true,"href":"https:\/\/enlamira.info\/index.php\/wp-json\/wp\/v2\/users\/2"}],"replies":[{"embeddable":true,"href":"https:\/\/enlamira.info\/index.php\/wp-json\/wp\/v2\/comments?post=3210"}],"version-history":[{"count":1,"href":"https:\/\/enlamira.info\/index.php\/wp-json\/wp\/v2\/posts\/3210\/revisions"}],"predecessor-version":[{"id":3211,"href":"https:\/\/enlamira.info\/index.php\/wp-json\/wp\/v2\/posts\/3210\/revisions\/3211"}],"wp:featuredmedia":[{"embeddable":true,"href":"https:\/\/enlamira.info\/index.php\/wp-json\/wp\/v2\/media\/3212"}],"wp:attachment":[{"href":"https:\/\/enlamira.info\/index.php\/wp-json\/wp\/v2\/media?parent=3210"}],"wp:term":[{"taxonomy":"category","embeddable":true,"href":"https:\/\/enlamira.info\/index.php\/wp-json\/wp\/v2\/categories?post=3210"},{"taxonomy":"post_tag","embeddable":true,"href":"https:\/\/enlamira.info\/index.php\/wp-json\/wp\/v2\/tags?post=3210"}],"curies":[{"name":"wp","href":"https:\/\/api.w.org\/{rel}","templated":true}]}}