{"id":3175,"date":"2024-04-12T11:30:26","date_gmt":"2024-04-12T14:30:26","guid":{"rendered":"https:\/\/enlamira.info\/?p=3175"},"modified":"2024-04-12T14:28:03","modified_gmt":"2024-04-12T17:28:03","slug":"luego-de-anular-la-votacion-en-diputados-martin-menem-intento-censurar-a-una-periodista","status":"publish","type":"post","link":"https:\/\/enlamira.info\/index.php\/2024\/04\/12\/luego-de-anular-la-votacion-en-diputados-martin-menem-intento-censurar-a-una-periodista\/","title":{"rendered":"Luego de anular la votaci\u00f3n en Diputados, Mart\u00edn Menem intent\u00f3 censurar a una periodista"},"content":{"rendered":"\n<p>En medio de la transmisi\u00f3n realizada desde Diputados TV, una columnista revel\u00f3 que le pidieron no continuar hablando del tema por el auricular.<\/p>\n\n\n\n<p>En medio del esc\u00e1ndalo en el bloque de La Libertad Avanza en Diputados generado a partir del corte en la trasmisi\u00f3n de la reuni\u00f3n donde se deb\u00eda definir al presidente de la comisi\u00f3n de Juicio Pol\u00edtico, una periodista del canal p\u00fablico Diputados TV (del Congreso) revel\u00f3 al aire que le pidieron por el auricular que no siga desarrollando el tema.Pasadas las 11.20 de este jueves, la analista parlamentaria Laura Serra, detall\u00f3 la pol\u00e9mica en el seno del oficialismo que se suscit\u00f3 este mi\u00e9rcoles dentro de C\u00e1mara de Diputados de la Naci\u00f3n, entre el presidente del cuerpo, Martin Menem y la legisladora Marcela Pagano, que fue elegida en el marco de una pol\u00e9mica votaci\u00f3n para presidir la Comisi\u00f3n de Juicio Pol\u00edtico.Mientras se llevaba a cabo la reuni\u00f3n del equipo de legisladores que integran la comisi\u00f3n para designar autoridades, en la ma\u00f1ana de este mi\u00e9rcoles, el titular del cuerpo legislativo envi\u00f3 una notificaci\u00f3n para levantar la sesi\u00f3n y evitar que se eligiera a la ex periodista de Am\u00e9rica TV, a cargo del equipo.Sin embargo, la comisi\u00f3n ya hab\u00eda obtenido el quorum necesario entre diputados libertarios y aliados, por lo que la sesi\u00f3n sigui\u00f3 adelante y Pagano fue designada como titular de la Comisi\u00f3n de Juicio Pol\u00edtico, una de las m\u00e1s importantes para el gobierno de Javier Milei.<\/p>\n\n\n\n<p>Luego de hablar de la disputa que existe entre la legisladora y el presidente de la C\u00e1mara baja, Serra estaba contando la versi\u00f3n del titular del bloque libertario, Oscar Zago -que el s\u00e1bado hab\u00eda recibido la venia de Javier Milei para la postulaci\u00f3n de Marcela Pagano en esa comisi\u00f3n-, pero de golpe interrumpi\u00f3 su alocuci\u00f3n y dijo: \u201cAc\u00e1 me est\u00e1n diciendo que no se puede hablar de la comisi\u00f3n de Juicio Pol\u00edtico\u201d.\u201cCreo que hay que explicar el origen de todo el conflicto. Tuvo su origen en la comisi\u00f3n de juicio pol\u00edtico y esta \u2018desobediencia\u2019 de Oscar Zago al presidente de la C\u00e1mara de Diputados, Mart\u00edn Menem, quien de manera sorpresiva decidi\u00f3 suspender la comisi\u00f3n de Juicio Pol\u00edtico minutos antes de su conformaci\u00f3n porque no estaba resuelto, seg\u00fan dicen en el entorno de Mart\u00edn Menem, qui\u00e9n iba a conducirla\u201d, se\u00f1al\u00f3 Serra al aire.El conductor del programa, Carlos \u201cPato\u201d M\u00e9ndez, agreg\u00f3: \u201cAh, mir\u00e1 vos\u2026 Ya estamos\u201d. Y la periodista continu\u00f3: \u201cVamos a terminar de hablarlo\u201d.Los fantasmas de censura que salpican a Menem no son nuevos en lo que respecta al esc\u00e1ndalo desatado este mi\u00e9rcoles por la conformaci\u00f3n de la comisi\u00f3n de Juicio Pol\u00edtico, un cuerpo clave ya que debe ser donde se lleve adelante o se detenga un eventual pedido de desplazamiento de Javier Milei de la Presidencia<\/p>\n\n\n\n<p><\/p>\n","protected":false},"excerpt":{"rendered":"<p>En medio de la transmisi\u00f3n realizada desde Diputados TV, una columnista revel\u00f3 que le pidieron no continuar hablando del tema por el auricular. En medio del esc\u00e1ndalo en el bloque de La Libertad Avanza en Diputados generado a partir del corte en la trasmisi\u00f3n de la reuni\u00f3n donde se deb\u00eda definir al presidente de la [&hellip;]<\/p>\n","protected":false},"author":2,"featured_media":3177,"comment_status":"open","ping_status":"open","sticky":false,"template":"","format":"standard","meta":{"footnotes":""},"categories":[20],"tags":[],"_links":{"self":[{"href":"https:\/\/enlamira.info\/index.php\/wp-json\/wp\/v2\/posts\/3175"}],"collection":[{"href":"https:\/\/enlamira.info\/index.php\/wp-json\/wp\/v2\/posts"}],"about":[{"href":"https:\/\/enlamira.info\/index.php\/wp-json\/wp\/v2\/types\/post"}],"author":[{"embeddable":true,"href":"https:\/\/enlamira.info\/index.php\/wp-json\/wp\/v2\/users\/2"}],"replies":[{"embeddable":true,"href":"https:\/\/enlamira.info\/index.php\/wp-json\/wp\/v2\/comments?post=3175"}],"version-history":[{"count":1,"href":"https:\/\/enlamira.info\/index.php\/wp-json\/wp\/v2\/posts\/3175\/revisions"}],"predecessor-version":[{"id":3176,"href":"https:\/\/enlamira.info\/index.php\/wp-json\/wp\/v2\/posts\/3175\/revisions\/3176"}],"wp:featuredmedia":[{"embeddable":true,"href":"https:\/\/enlamira.info\/index.php\/wp-json\/wp\/v2\/media\/3177"}],"wp:attachment":[{"href":"https:\/\/enlamira.info\/index.php\/wp-json\/wp\/v2\/media?parent=3175"}],"wp:term":[{"taxonomy":"category","embeddable":true,"href":"https:\/\/enlamira.info\/index.php\/wp-json\/wp\/v2\/categories?post=3175"},{"taxonomy":"post_tag","embeddable":true,"href":"https:\/\/enlamira.info\/index.php\/wp-json\/wp\/v2\/tags?post=3175"}],"curies":[{"name":"wp","href":"https:\/\/api.w.org\/{rel}","templated":true}]}}