{"id":3172,"date":"2024-04-12T11:28:39","date_gmt":"2024-04-12T14:28:39","guid":{"rendered":"https:\/\/enlamira.info\/?p=3172"},"modified":"2024-04-12T11:29:04","modified_gmt":"2024-04-12T14:29:04","slug":"el-encuentro-entre-javier-milei-y-elon-musk-el-presidente-visita-la-fabrica-de-tesla","status":"publish","type":"post","link":"https:\/\/enlamira.info\/index.php\/2024\/04\/12\/el-encuentro-entre-javier-milei-y-elon-musk-el-presidente-visita-la-fabrica-de-tesla\/","title":{"rendered":"El encuentro entre Javier Milei y Elon Musk: el Presidente visita la f\u00e1brica de Tesla"},"content":{"rendered":"\n<p>En su gira estadounidense, el mandatario se reunir\u00e1 este viernes con el magnate en busca de posicionamiento pol\u00edtico e inversiones.<\/p>\n\n\n\n<p>En pleno viaje por los Estados Unidos, el presidente Javier Milei se re\u00fane este viernes con el empresario Elon Musk en Texas.El encuentro se dar\u00e1 al mediod\u00eda en la f\u00e1brica de autom\u00f3viles el\u00e9ctricos Tesla, de la que el empresario es fundador y due\u00f1o.Ser\u00e1 la primera vez que ambos vean las caras personalmente luego de intercambios telef\u00f3nicos y seg\u00fan trascendi\u00f3 las conversaciones seguir\u00e1n hasta el s\u00e1bado.<\/p>\n\n\n\n<p>El Presidente busca la ansiada foto con Musk como un posicionamiento internacional luego de sus encuentros con el expresidente estadounidense Donald Trump y el primer ministro del Estado de Israel, Benjam\u00edn Netanyahu.El conglomerado empresarial de Musk ya puso su pata en la Argentina con Starlink, el servicio satelital de internet que comenzar\u00e1 a funcionar en el pa\u00eds.Seg\u00fan fuentes dentro del Gobierno, Milei espera la confirmaci\u00f3n del empresario sobre un plan de inversiones referidas al litio y un esquema de planificaci\u00f3n referido a la industria automotriz<\/p>\n\n\n\n<p><\/p>\n","protected":false},"excerpt":{"rendered":"<p>En su gira estadounidense, el mandatario se reunir\u00e1 este viernes con el magnate en busca de posicionamiento pol\u00edtico e inversiones. En pleno viaje por los Estados Unidos, el presidente Javier Milei se re\u00fane este viernes con el empresario Elon Musk en Texas.El encuentro se dar\u00e1 al mediod\u00eda en la f\u00e1brica de autom\u00f3viles el\u00e9ctricos Tesla, de [&hellip;]<\/p>\n","protected":false},"author":2,"featured_media":3174,"comment_status":"open","ping_status":"open","sticky":false,"template":"","format":"standard","meta":{"footnotes":""},"categories":[20],"tags":[],"_links":{"self":[{"href":"https:\/\/enlamira.info\/index.php\/wp-json\/wp\/v2\/posts\/3172"}],"collection":[{"href":"https:\/\/enlamira.info\/index.php\/wp-json\/wp\/v2\/posts"}],"about":[{"href":"https:\/\/enlamira.info\/index.php\/wp-json\/wp\/v2\/types\/post"}],"author":[{"embeddable":true,"href":"https:\/\/enlamira.info\/index.php\/wp-json\/wp\/v2\/users\/2"}],"replies":[{"embeddable":true,"href":"https:\/\/enlamira.info\/index.php\/wp-json\/wp\/v2\/comments?post=3172"}],"version-history":[{"count":1,"href":"https:\/\/enlamira.info\/index.php\/wp-json\/wp\/v2\/posts\/3172\/revisions"}],"predecessor-version":[{"id":3173,"href":"https:\/\/enlamira.info\/index.php\/wp-json\/wp\/v2\/posts\/3172\/revisions\/3173"}],"wp:featuredmedia":[{"embeddable":true,"href":"https:\/\/enlamira.info\/index.php\/wp-json\/wp\/v2\/media\/3174"}],"wp:attachment":[{"href":"https:\/\/enlamira.info\/index.php\/wp-json\/wp\/v2\/media?parent=3172"}],"wp:term":[{"taxonomy":"category","embeddable":true,"href":"https:\/\/enlamira.info\/index.php\/wp-json\/wp\/v2\/categories?post=3172"},{"taxonomy":"post_tag","embeddable":true,"href":"https:\/\/enlamira.info\/index.php\/wp-json\/wp\/v2\/tags?post=3172"}],"curies":[{"name":"wp","href":"https:\/\/api.w.org\/{rel}","templated":true}]}}