{"id":3169,"date":"2024-04-12T11:26:47","date_gmt":"2024-04-12T14:26:47","guid":{"rendered":"https:\/\/enlamira.info\/?p=3169"},"modified":"2024-04-12T14:32:59","modified_gmt":"2024-04-12T17:32:59","slug":"caso-amia-desde-el-kirchnerismo-volvieron-a-afirmar-que-nisman-se-suicido","status":"publish","type":"post","link":"https:\/\/enlamira.info\/index.php\/2024\/04\/12\/caso-amia-desde-el-kirchnerismo-volvieron-a-afirmar-que-nisman-se-suicido\/","title":{"rendered":"Caso AMIA: desde el kirchnerismo volvieron a afirmar que Nisman se suicid\u00f3"},"content":{"rendered":"\n<p>En un pol\u00e9mico mensaje en redes, el diputado Leopoldo Moreau habl\u00f3 tras el fallo judicial por el caso AMIA. Defendi\u00f3 a Cristina Kirchner y se refiri\u00f3 a la muerte del fiscal Alberto Nisman.<\/p>\n\n\n\n<p>Luego de que la Justicia se\u00f1alara a Ir\u00e1n como responsable de los atentados a la AMIA y la Embajada de Israel y de que el Gobierno apuntara contra el kirchnerismo por \u201cintentar encubrirlos\u201d, desde el espacio pol\u00edtico defendieron a Cristina Fern\u00e1ndez y afirmaron que el fiscal Alberto Nisman se suicid\u00f3.En un mensaje en sus redes sociales, el diputado del Frente de Todos, Leopoldo Moreau, sostuvo: \u201cEl juicio por el supuesto y fabulado asesinato del fiscal Nisman va terminar igual que el de Mar\u00eda Marta Garc\u00eda Belsunce\u201c.<\/p>\n\n\n\n<p>Y agreg\u00f3: \u201cAlg\u00fan d\u00eda se demostrar\u00e1 que la muerte del fiscal fue sencilla y tr\u00e1gicamente un suicidio como lo determin\u00f3 el Cuerpo M\u00e9dico Forense y criminalistica de la Polic\u00eda Federal. Lo explican muy bien Pablo Duggan en su libro y en innumerables notas Raul Kollman\u201d.Tras defender la hip\u00f3tesis del suicidio, el legislador apunt\u00f3 contra la ministra de Seguridad, Patricia Bullrich.\u201cTodos saben que para mantener viva la f\u00e1bula se fabric\u00f3 por presi\u00f3n de Bullrich una pericia trucha en Gendarmer\u00eda. Tambi\u00e9n en su momento hizo un aporte a esta patra\u00f1a Paul Singer que financi\u00f3 una campa\u00f1a internacional difundiendo esa infamia para ligar al gobierno de Cristina Kirchner con Ir\u00e1n\u201c.\u201cPor esa raz\u00f3n la causa deambula hace 6 a\u00f1os en tribunales sin que haya el m\u00e1s m\u00ednimo indicio que confirme el homicidio ni la identidad de sus fantasmag\u00f3ricos autores\u201d, concluy\u00f3.<\/p>\n\n\n\n<p><\/p>\n","protected":false},"excerpt":{"rendered":"<p>En un pol\u00e9mico mensaje en redes, el diputado Leopoldo Moreau habl\u00f3 tras el fallo judicial por el caso AMIA. Defendi\u00f3 a Cristina Kirchner y se refiri\u00f3 a la muerte del fiscal Alberto Nisman. Luego de que la Justicia se\u00f1alara a Ir\u00e1n como responsable de los atentados a la AMIA y la Embajada de Israel y [&hellip;]<\/p>\n","protected":false},"author":2,"featured_media":3171,"comment_status":"open","ping_status":"open","sticky":false,"template":"","format":"standard","meta":{"footnotes":""},"categories":[20],"tags":[],"_links":{"self":[{"href":"https:\/\/enlamira.info\/index.php\/wp-json\/wp\/v2\/posts\/3169"}],"collection":[{"href":"https:\/\/enlamira.info\/index.php\/wp-json\/wp\/v2\/posts"}],"about":[{"href":"https:\/\/enlamira.info\/index.php\/wp-json\/wp\/v2\/types\/post"}],"author":[{"embeddable":true,"href":"https:\/\/enlamira.info\/index.php\/wp-json\/wp\/v2\/users\/2"}],"replies":[{"embeddable":true,"href":"https:\/\/enlamira.info\/index.php\/wp-json\/wp\/v2\/comments?post=3169"}],"version-history":[{"count":1,"href":"https:\/\/enlamira.info\/index.php\/wp-json\/wp\/v2\/posts\/3169\/revisions"}],"predecessor-version":[{"id":3170,"href":"https:\/\/enlamira.info\/index.php\/wp-json\/wp\/v2\/posts\/3169\/revisions\/3170"}],"wp:featuredmedia":[{"embeddable":true,"href":"https:\/\/enlamira.info\/index.php\/wp-json\/wp\/v2\/media\/3171"}],"wp:attachment":[{"href":"https:\/\/enlamira.info\/index.php\/wp-json\/wp\/v2\/media?parent=3169"}],"wp:term":[{"taxonomy":"category","embeddable":true,"href":"https:\/\/enlamira.info\/index.php\/wp-json\/wp\/v2\/categories?post=3169"},{"taxonomy":"post_tag","embeddable":true,"href":"https:\/\/enlamira.info\/index.php\/wp-json\/wp\/v2\/tags?post=3169"}],"curies":[{"name":"wp","href":"https:\/\/api.w.org\/{rel}","templated":true}]}}