{"id":3166,"date":"2024-04-12T11:24:54","date_gmt":"2024-04-12T14:24:54","guid":{"rendered":"https:\/\/enlamira.info\/?p=3166"},"modified":"2024-04-12T14:33:22","modified_gmt":"2024-04-12T17:33:22","slug":"francos-sobre-la-ley-omnibus-si-se-aprueba-voy-a-estar-seguro-de-que-dios-existe","status":"publish","type":"post","link":"https:\/\/enlamira.info\/index.php\/2024\/04\/12\/francos-sobre-la-ley-omnibus-si-se-aprueba-voy-a-estar-seguro-de-que-dios-existe\/","title":{"rendered":"Francos sobre la Ley \u00d3mnibus: \u201cSi se aprueba, voy a estar seguro de que Dios existe\u201d"},"content":{"rendered":"\n<p>El ministro del Interior se refiri\u00f3 al futuro del proyecto en el Congreso y sostuvo que a Javier Milei lo aburren \u201cla rosca y el acuerdo\u201d.<\/p>\n\n\n\n<p>En medio de la interna libertaria en el Congreso tras eyectar a Oscar Zago de la presidencia del bloque oficialista y mientras siguen las negociaciones por la Ley de Bases con gobernadores y otros sectores pol\u00edticos, el ministro del Interior, Guillermo Francos, le puso un toque m\u00edstico al proyecto.\u201cYo me form\u00e9 en una escuela cat\u00f3lica, creo en Dios. Si sale la ley, voy a estar seguro de que Dios existe\u201c, sostuvo el funcionario, quien tambi\u00e9n se refiri\u00f3 al rol del Presidente.En di\u00e1logo con LN+, sostuvo el mandatario es \u201cun l\u00edder distinto que tiene una gran personalidad una gran convicci\u00f3n personal y que tiene mucho coraje para enfrentar los temas\u201d.<\/p>\n\n\n\n<p>Adem\u00e1s, afirm\u00f3 que Milei \u201cest\u00e1 convencido de lo que hace y avanza y a veces es cierto que en su avance genera rispideces, genera molestias en algunos sectores pero \u00e9l avanza\u201d.En ese sentido, agreg\u00f3 que el Presidente \u201cinterpreta lo que la gente piensa y trata de hacer entender a la gente en general cu\u00e1l es el camino que \u00e9l marca y por qu\u00e9\u201d.\u201cLe escapa a lo que sea la vinculaci\u00f3n, el acuerdo y la rosca pol\u00edtica porque lo aburre\u201c, detall\u00f3 Francos sobre el jefe de Estado. Y concluy\u00f3: \u201cLas reglas de juego tradicionales de la pol\u00edtica, para \u00e9l no son comunes\u201d.<\/p>\n","protected":false},"excerpt":{"rendered":"<p>El ministro del Interior se refiri\u00f3 al futuro del proyecto en el Congreso y sostuvo que a Javier Milei lo aburren \u201cla rosca y el acuerdo\u201d. En medio de la interna libertaria en el Congreso tras eyectar a Oscar Zago de la presidencia del bloque oficialista y mientras siguen las negociaciones por la Ley de [&hellip;]<\/p>\n","protected":false},"author":2,"featured_media":3168,"comment_status":"open","ping_status":"open","sticky":false,"template":"","format":"standard","meta":{"footnotes":""},"categories":[20],"tags":[],"_links":{"self":[{"href":"https:\/\/enlamira.info\/index.php\/wp-json\/wp\/v2\/posts\/3166"}],"collection":[{"href":"https:\/\/enlamira.info\/index.php\/wp-json\/wp\/v2\/posts"}],"about":[{"href":"https:\/\/enlamira.info\/index.php\/wp-json\/wp\/v2\/types\/post"}],"author":[{"embeddable":true,"href":"https:\/\/enlamira.info\/index.php\/wp-json\/wp\/v2\/users\/2"}],"replies":[{"embeddable":true,"href":"https:\/\/enlamira.info\/index.php\/wp-json\/wp\/v2\/comments?post=3166"}],"version-history":[{"count":1,"href":"https:\/\/enlamira.info\/index.php\/wp-json\/wp\/v2\/posts\/3166\/revisions"}],"predecessor-version":[{"id":3167,"href":"https:\/\/enlamira.info\/index.php\/wp-json\/wp\/v2\/posts\/3166\/revisions\/3167"}],"wp:featuredmedia":[{"embeddable":true,"href":"https:\/\/enlamira.info\/index.php\/wp-json\/wp\/v2\/media\/3168"}],"wp:attachment":[{"href":"https:\/\/enlamira.info\/index.php\/wp-json\/wp\/v2\/media?parent=3166"}],"wp:term":[{"taxonomy":"category","embeddable":true,"href":"https:\/\/enlamira.info\/index.php\/wp-json\/wp\/v2\/categories?post=3166"},{"taxonomy":"post_tag","embeddable":true,"href":"https:\/\/enlamira.info\/index.php\/wp-json\/wp\/v2\/tags?post=3166"}],"curies":[{"name":"wp","href":"https:\/\/api.w.org\/{rel}","templated":true}]}}