{"id":3163,"date":"2024-04-12T11:22:50","date_gmt":"2024-04-12T14:22:50","guid":{"rendered":"https:\/\/enlamira.info\/?p=3163"},"modified":"2024-04-12T14:35:16","modified_gmt":"2024-04-12T17:35:16","slug":"amia-tras-la-sentencia-el-gobierno-sostuvo-que-el-kirchnerismo-intento-encubrir-el-atentado","status":"publish","type":"post","link":"https:\/\/enlamira.info\/index.php\/2024\/04\/12\/amia-tras-la-sentencia-el-gobierno-sostuvo-que-el-kirchnerismo-intento-encubrir-el-atentado\/","title":{"rendered":"AMIA: tras la sentencia, el Gobierno sostuvo que el kirchnerismo intent\u00f3 encubrir el atentado"},"content":{"rendered":"\n<p>La Oficina del Presidente celebr\u00f3 el fall\u00f3 y emiti\u00f3 un duro comunicado en el que habl\u00f3 de \u201cd\u00e9cadas de postergaci\u00f3n y encubrimiento\u201d.<\/p>\n\n\n\n<p>Luego de que la C\u00e1mara de Casaci\u00f3n diera por probado que Ir\u00e1n estuvo detr\u00e1s del atentando a la AMIA, el Gobierno celebr\u00f3 la sentencia y apunt\u00f3 al kirchnerismo, a quien acus\u00f3 de intentar encubrir la responsabilidad del pa\u00eds.\u201cLa Oficina del Presidente celebra la sentencia emitida por la C\u00e1mara Federal de Casaci\u00f3n Penal que puso fin a d\u00e9cadas de postergaci\u00f3n y encubrimiento en el caso AMIA, determinando que los atentados contra la Embajada de Israel y la AMIA fueron perpetrados por Hezbollah, bajo el auspicio de organizaciones estatales de la Rep\u00fablica Isl\u00e1mica de Ir\u00e1n\u201c, sostuvo el comunicado de la Oficina del Presidente.Y continu\u00f3: \u201cEste avance significativo en el \u00e1mbito judicial pone de manifiesto los reiterados intentos del kirchnerismo por encubrir la responsabilidad de Ir\u00e1n y postergar este fallo hist\u00f3rico, traicionando a la Patria en el a\u00f1o 2013 con la firma del denominado \u2018Memor\u00e1ndum de Entendimiento\u2019; pacto que promov\u00eda y garantizaba la impunidad terrorista\u201d.En relaci\u00f3n a c\u00f3mo tom\u00f3 Javier Milei el fall\u00f3, el texto detalla que el Presidente \u201cha seguido desde el inicio de su mandato la independencia absoluta del Poder Judicial. En este sentido, la C\u00e1mara Federal de Casaci\u00f3n Penal ha podido ejercer su funci\u00f3n con total libertad, sin presiones pol\u00edticas, para impartir la justicia que tanto las v\u00edctimas como sus familias han esperado durante d\u00e9cadas\u201d.<\/p>\n\n\n\n<p><\/p>\n","protected":false},"excerpt":{"rendered":"<p>La Oficina del Presidente celebr\u00f3 el fall\u00f3 y emiti\u00f3 un duro comunicado en el que habl\u00f3 de \u201cd\u00e9cadas de postergaci\u00f3n y encubrimiento\u201d. Luego de que la C\u00e1mara de Casaci\u00f3n diera por probado que Ir\u00e1n estuvo detr\u00e1s del atentando a la AMIA, el Gobierno celebr\u00f3 la sentencia y apunt\u00f3 al kirchnerismo, a quien acus\u00f3 de intentar [&hellip;]<\/p>\n","protected":false},"author":2,"featured_media":3165,"comment_status":"open","ping_status":"open","sticky":false,"template":"","format":"standard","meta":{"footnotes":""},"categories":[20],"tags":[],"_links":{"self":[{"href":"https:\/\/enlamira.info\/index.php\/wp-json\/wp\/v2\/posts\/3163"}],"collection":[{"href":"https:\/\/enlamira.info\/index.php\/wp-json\/wp\/v2\/posts"}],"about":[{"href":"https:\/\/enlamira.info\/index.php\/wp-json\/wp\/v2\/types\/post"}],"author":[{"embeddable":true,"href":"https:\/\/enlamira.info\/index.php\/wp-json\/wp\/v2\/users\/2"}],"replies":[{"embeddable":true,"href":"https:\/\/enlamira.info\/index.php\/wp-json\/wp\/v2\/comments?post=3163"}],"version-history":[{"count":1,"href":"https:\/\/enlamira.info\/index.php\/wp-json\/wp\/v2\/posts\/3163\/revisions"}],"predecessor-version":[{"id":3164,"href":"https:\/\/enlamira.info\/index.php\/wp-json\/wp\/v2\/posts\/3163\/revisions\/3164"}],"wp:featuredmedia":[{"embeddable":true,"href":"https:\/\/enlamira.info\/index.php\/wp-json\/wp\/v2\/media\/3165"}],"wp:attachment":[{"href":"https:\/\/enlamira.info\/index.php\/wp-json\/wp\/v2\/media?parent=3163"}],"wp:term":[{"taxonomy":"category","embeddable":true,"href":"https:\/\/enlamira.info\/index.php\/wp-json\/wp\/v2\/categories?post=3163"},{"taxonomy":"post_tag","embeddable":true,"href":"https:\/\/enlamira.info\/index.php\/wp-json\/wp\/v2\/tags?post=3163"}],"curies":[{"name":"wp","href":"https:\/\/api.w.org\/{rel}","templated":true}]}}