{"id":316,"date":"2024-03-05T16:57:39","date_gmt":"2024-03-05T19:57:39","guid":{"rendered":"https:\/\/enlamira.info\/?p=316"},"modified":"2024-03-05T17:43:54","modified_gmt":"2024-03-05T20:43:54","slug":"nicolas-valentini-convocado-a-la-seleccion-argentina-a-quien-reemplazo-en-la-lista","status":"publish","type":"post","link":"https:\/\/enlamira.info\/index.php\/2024\/03\/05\/nicolas-valentini-convocado-a-la-seleccion-argentina-a-quien-reemplazo-en-la-lista\/","title":{"rendered":"Nicol\u00e1s Valentini, convocado a la Selecci\u00f3n Argentina: \u00bfa qui\u00e9n reemplaz\u00f3 en la lista?"},"content":{"rendered":"\n<p>El marcador central de Boca tendr\u00e1 su primera aparici\u00f3n en la Mayor de la Albiceleste<\/p>\n\n\n\n<p>Se acerca el inicio de la doble fecha FIFA de marzo, en la que\u00a0la Selecci\u00f3n Argentina enfrentar\u00e1 en amistosos a El Salvador -el 22- y a Costa Rica -el 26- en los Estados Unidos.<\/p>\n\n\n\n<p>Hace algunos d\u00edas,\u00a0Lionel Scaloni, entrenador de la Albiceleste, ya dio a conocer la lista de convocados con varias sorpresas, como lo fue por ejemplo la inclusi\u00f3n de Valent\u00edn Barco, el ex lateral de Boca que hoy milita en el Brighton de Inglaterra.<\/p>\n\n\n\n<p>Parec\u00eda que todo ya estaba definido, pero este martes\u00a0Scaloni volvi\u00f3 a dejar boquiabierto a m\u00e1s de uno con un nuveo futbolista citado: Nicol\u00e1s Valentini, zaguero del Xeneize de 22 a\u00f1os.<\/p>\n\n\n\n<p>Valentini\u00a0viene de jugar el Preol\u00edmpico Sub-23 bajo la conducci\u00f3n de Javier Mascherano, y ahora\u00a0tendr\u00e1 la oportunidad de su vida al ser convocado por primera vez a la Selecci\u00f3n Mayor.<\/p>\n\n\n\n<p>Reemplazar\u00e1 en la lista a Marcos Senesi, quien termin\u00f3 quedando marginado por una lesi\u00f3n muscular que se encuentra padeciendo.<\/p>\n\n\n\n<p>De esta manera,\u00a0el marcador central azul y oro con pasado en Aldosivi ser\u00e1 el segundo jugador del f\u00fatbol argentino citado a la Scaloneta, despu\u00e9s de Franco Armani (River).<\/p>\n","protected":false},"excerpt":{"rendered":"<p>El marcador central de Boca tendr\u00e1 su primera aparici\u00f3n en la Mayor de la Albiceleste Se acerca el inicio de la doble fecha FIFA de marzo, en la que\u00a0la Selecci\u00f3n Argentina enfrentar\u00e1 en amistosos a El Salvador -el 22- y a Costa Rica -el 26- en los Estados Unidos. Hace algunos d\u00edas,\u00a0Lionel Scaloni, entrenador de [&hellip;]<\/p>\n","protected":false},"author":2,"featured_media":318,"comment_status":"open","ping_status":"open","sticky":false,"template":"","format":"standard","meta":{"footnotes":""},"categories":[14],"tags":[],"_links":{"self":[{"href":"https:\/\/enlamira.info\/index.php\/wp-json\/wp\/v2\/posts\/316"}],"collection":[{"href":"https:\/\/enlamira.info\/index.php\/wp-json\/wp\/v2\/posts"}],"about":[{"href":"https:\/\/enlamira.info\/index.php\/wp-json\/wp\/v2\/types\/post"}],"author":[{"embeddable":true,"href":"https:\/\/enlamira.info\/index.php\/wp-json\/wp\/v2\/users\/2"}],"replies":[{"embeddable":true,"href":"https:\/\/enlamira.info\/index.php\/wp-json\/wp\/v2\/comments?post=316"}],"version-history":[{"count":2,"href":"https:\/\/enlamira.info\/index.php\/wp-json\/wp\/v2\/posts\/316\/revisions"}],"predecessor-version":[{"id":320,"href":"https:\/\/enlamira.info\/index.php\/wp-json\/wp\/v2\/posts\/316\/revisions\/320"}],"wp:featuredmedia":[{"embeddable":true,"href":"https:\/\/enlamira.info\/index.php\/wp-json\/wp\/v2\/media\/318"}],"wp:attachment":[{"href":"https:\/\/enlamira.info\/index.php\/wp-json\/wp\/v2\/media?parent=316"}],"wp:term":[{"taxonomy":"category","embeddable":true,"href":"https:\/\/enlamira.info\/index.php\/wp-json\/wp\/v2\/categories?post=316"},{"taxonomy":"post_tag","embeddable":true,"href":"https:\/\/enlamira.info\/index.php\/wp-json\/wp\/v2\/tags?post=316"}],"curies":[{"name":"wp","href":"https:\/\/api.w.org\/{rel}","templated":true}]}}