{"id":3159,"date":"2024-04-12T11:21:16","date_gmt":"2024-04-12T14:21:16","guid":{"rendered":"https:\/\/enlamira.info\/?p=3159"},"modified":"2024-04-12T14:37:02","modified_gmt":"2024-04-12T17:37:02","slug":"bullrich-respondio-tras-la-amenaza-que-recibio-en-rosario-los-vamos-a-meter-presos-a-todos","status":"publish","type":"post","link":"https:\/\/enlamira.info\/index.php\/2024\/04\/12\/bullrich-respondio-tras-la-amenaza-que-recibio-en-rosario-los-vamos-a-meter-presos-a-todos\/","title":{"rendered":"Bullrich respondi\u00f3 tras la amenaza que recibi\u00f3 en Rosario: \u201cLos vamos a meter presos a todos\u201d"},"content":{"rendered":"\n<p>Encontraron una bandera colgada con un duro mensaje hacia la ministra de Seguridad.<\/p>\n\n\n\n<p>Antes de la llegada a Rosario de la ministra de Seguridad, Patricia Bullrich, donde este viernes dar\u00e1 una conferencia de prensa junto al gobernador, Maximiliano Pullaro, encontraron una bandera con un amenazante mensaje.Seg\u00fan trascendi\u00f3, un hombre que se encontraba en Circunvalaci\u00f3n y Eva Per\u00f3n llam\u00f3 al 911 alrededor de las 6 de la ma\u00f1ana para denunciar que hab\u00eda visto una bandera con letras negras y rojas.Cuando el Comando Radioel\u00e9ctrico se acerc\u00f3 al lugar comprob\u00f3 que era cierto y llam\u00f3 la Polic\u00eda de Investigaciones de Santa Fe por el mensaje que estaba escrito en tela.\u201cPatricia Bullrich metiste a todos los presos en un mismo pabell\u00f3n, ahora vamos a dejar negro a Rosario y Buenos Aires\u201d, era el texto que apareci\u00f3 escrito a horas de que Bullrich asista a la ciudad para informar sobre un operativo en el que, seg\u00fan detallaron, detuvieron al extestaferro del narco Esteban Alvarado y actual de Julio Andr\u00e9s Granthon.Tras el hallazgo de la amenaza, las autoridades se encuentran revisando las c\u00e1maras de seguridad de la zona.<\/p>\n\n\n\n<p>La respuesta de Patricia Bullrich tras las amenazasLa ministra de Seguridad respondi\u00f3 a trav\u00e9s de sus redes sociales con un mensaje contundente: \u201cHoy apareci\u00f3 un nuevo cartel intimidatorio contra mi persona en un puente en Rosario. Los vamos a meter presos a todos. Se les acab\u00f3 la joda\u201d.<\/p>\n","protected":false},"excerpt":{"rendered":"<p>Encontraron una bandera colgada con un duro mensaje hacia la ministra de Seguridad. Antes de la llegada a Rosario de la ministra de Seguridad, Patricia Bullrich, donde este viernes dar\u00e1 una conferencia de prensa junto al gobernador, Maximiliano Pullaro, encontraron una bandera con un amenazante mensaje.Seg\u00fan trascendi\u00f3, un hombre que se encontraba en Circunvalaci\u00f3n y [&hellip;]<\/p>\n","protected":false},"author":2,"featured_media":3162,"comment_status":"open","ping_status":"open","sticky":false,"template":"","format":"standard","meta":{"footnotes":""},"categories":[20],"tags":[],"_links":{"self":[{"href":"https:\/\/enlamira.info\/index.php\/wp-json\/wp\/v2\/posts\/3159"}],"collection":[{"href":"https:\/\/enlamira.info\/index.php\/wp-json\/wp\/v2\/posts"}],"about":[{"href":"https:\/\/enlamira.info\/index.php\/wp-json\/wp\/v2\/types\/post"}],"author":[{"embeddable":true,"href":"https:\/\/enlamira.info\/index.php\/wp-json\/wp\/v2\/users\/2"}],"replies":[{"embeddable":true,"href":"https:\/\/enlamira.info\/index.php\/wp-json\/wp\/v2\/comments?post=3159"}],"version-history":[{"count":1,"href":"https:\/\/enlamira.info\/index.php\/wp-json\/wp\/v2\/posts\/3159\/revisions"}],"predecessor-version":[{"id":3160,"href":"https:\/\/enlamira.info\/index.php\/wp-json\/wp\/v2\/posts\/3159\/revisions\/3160"}],"wp:featuredmedia":[{"embeddable":true,"href":"https:\/\/enlamira.info\/index.php\/wp-json\/wp\/v2\/media\/3162"}],"wp:attachment":[{"href":"https:\/\/enlamira.info\/index.php\/wp-json\/wp\/v2\/media?parent=3159"}],"wp:term":[{"taxonomy":"category","embeddable":true,"href":"https:\/\/enlamira.info\/index.php\/wp-json\/wp\/v2\/categories?post=3159"},{"taxonomy":"post_tag","embeddable":true,"href":"https:\/\/enlamira.info\/index.php\/wp-json\/wp\/v2\/tags?post=3159"}],"curies":[{"name":"wp","href":"https:\/\/api.w.org\/{rel}","templated":true}]}}