{"id":3155,"date":"2024-04-11T11:55:58","date_gmt":"2024-04-11T14:55:58","guid":{"rendered":"https:\/\/enlamira.info\/?p=3155"},"modified":"2024-04-11T11:57:40","modified_gmt":"2024-04-11T14:57:40","slug":"la-uba-se-declaro-en-emergencia-presupuestaria-y-se-sumara-a-la-marcha-federal-universitaria","status":"publish","type":"post","link":"https:\/\/enlamira.info\/index.php\/2024\/04\/11\/la-uba-se-declaro-en-emergencia-presupuestaria-y-se-sumara-a-la-marcha-federal-universitaria\/","title":{"rendered":"La UBA se declar\u00f3 en emergencia presupuestaria y se sumar\u00e1 a la Marcha Federal Universitaria"},"content":{"rendered":"\n<p>La medida, determinada por el Consejo Superior de la instituci\u00f3n, responde a la preocupaci\u00f3n por \u201cla posibilidad de mantener toda actividad tendiente a garantizar la calidad educativa\u201d.<\/p>\n\n\n\n<p>Tras una reuni\u00f3n del Consejo Superior, la\u00a0Universidad de Buenos Aires (UBA)\u00a0se declar\u00f3 en\u00a0emergencia presupuestaria\u00a0y acord\u00f3 este mi\u00e9rcoles sumarse a la marcha federal universitaria que tendr\u00e1 lugar el pr\u00f3ximo martes 23 de abril.<\/p>\n\n\n\n<p>\u201cEn las condiciones actuales se encuentra seriamente afectada la posibilidad de mantener toda actividad tendiente a garantizar la calidad educativa, la continuidad de la investigaci\u00f3n, de la extensi\u00f3n y la funci\u00f3n asistencial\u201d, apunta la resoluci\u00f3n.<\/p>\n\n\n\n<p>Adem\u00e1s, el comunicado de la UBA se\u00f1ala: \u201cLa educaci\u00f3n p\u00fablica universitaria constituye un orgullo de la sociedad argentina que se basa en los pilares de laicidad, gratuidad, autonom\u00eda, inclusi\u00f3n social, ense\u00f1anza con la m\u00e1xima calidad acad\u00e9mica, desarrollo de la investigaci\u00f3n y compromiso con el entorno social, requiriendo un financiamiento adecuado para el desarrollo de sus actividades\u201d.<\/p>\n\n\n\n<p>Seg\u00fan indicaron, la UBA enfrenta \u201cuna situaci\u00f3n cr\u00edtica\u201d debido a la decisi\u00f3n del Gobierno de prorrogar los valores presupuestarios del a\u00f1o 2023 al 2024, en un contexto de\u00a0inflaci\u00f3n interanual del 276%.\u00a0<\/p>\n\n\n\n<p>Seg\u00fan comunic\u00f3 la UBA, este ajuste presupuestario implica, en t\u00e9rminos reales, una dr\u00e1stica reducci\u00f3n de recursos, \u201ccomprometiendo sus funciones esenciales como la educaci\u00f3n universitaria y preuniversitaria, la investigaci\u00f3n cient\u00edfica y la atenci\u00f3n m\u00e9dica a m\u00e1s de medio mill\u00f3n de pacientes anuales en sus centros hospitalarios\u201d.<\/p>\n\n\n\n<p>De acuerdo a lo que difundieron, los fondos para gastos de funcionamiento implican un recorte en t\u00e9rminos reales del 80%. Es decir que, por cada $10 que contaba la UBA en marzo de 2023, hoy tiene $2. Asimismo, denunciaron que hasta la fecha los hospitales universitarios no recibieron ning\u00fan recurso por parte del Estado.<\/p>\n\n\n\n<p>La instituci\u00f3n educativa tambi\u00e9n hizo un llamado a la\u00a0comunidad universitaria\u00a0y a la sociedad en general para participar en la Marcha Federal Universitaria del 23 de abril, la cual tomar\u00e1 lugar en la Plaza de Mayo.\u00a0<\/p>\n\n\n\n<p>Esta convocatoria, apoyada por el Consejo Interuniversitario Nacional (CIN), juntamente con organizaciones sindicales docentes, nodocentes, la Federaci\u00f3n Universitaria de Buenos Aires (FUBA) y la Federaci\u00f3n Universitaria Argentina (FUA), pretende ser un espacio de manifestaci\u00f3n en defensa de la educaci\u00f3n p\u00fablica, gratuita, laica e inclusiva, valores fundamentales para el sistema universitario argentino.<\/p>\n","protected":false},"excerpt":{"rendered":"<p>La medida, determinada por el Consejo Superior de la instituci\u00f3n, responde a la preocupaci\u00f3n por \u201cla posibilidad de mantener toda actividad tendiente a garantizar la calidad educativa\u201d. Tras una reuni\u00f3n del Consejo Superior, la\u00a0Universidad de Buenos Aires (UBA)\u00a0se declar\u00f3 en\u00a0emergencia presupuestaria\u00a0y acord\u00f3 este mi\u00e9rcoles sumarse a la marcha federal universitaria que tendr\u00e1 lugar el pr\u00f3ximo [&hellip;]<\/p>\n","protected":false},"author":2,"featured_media":3157,"comment_status":"open","ping_status":"open","sticky":false,"template":"","format":"standard","meta":{"footnotes":""},"categories":[34],"tags":[],"_links":{"self":[{"href":"https:\/\/enlamira.info\/index.php\/wp-json\/wp\/v2\/posts\/3155"}],"collection":[{"href":"https:\/\/enlamira.info\/index.php\/wp-json\/wp\/v2\/posts"}],"about":[{"href":"https:\/\/enlamira.info\/index.php\/wp-json\/wp\/v2\/types\/post"}],"author":[{"embeddable":true,"href":"https:\/\/enlamira.info\/index.php\/wp-json\/wp\/v2\/users\/2"}],"replies":[{"embeddable":true,"href":"https:\/\/enlamira.info\/index.php\/wp-json\/wp\/v2\/comments?post=3155"}],"version-history":[{"count":1,"href":"https:\/\/enlamira.info\/index.php\/wp-json\/wp\/v2\/posts\/3155\/revisions"}],"predecessor-version":[{"id":3156,"href":"https:\/\/enlamira.info\/index.php\/wp-json\/wp\/v2\/posts\/3155\/revisions\/3156"}],"wp:featuredmedia":[{"embeddable":true,"href":"https:\/\/enlamira.info\/index.php\/wp-json\/wp\/v2\/media\/3157"}],"wp:attachment":[{"href":"https:\/\/enlamira.info\/index.php\/wp-json\/wp\/v2\/media?parent=3155"}],"wp:term":[{"taxonomy":"category","embeddable":true,"href":"https:\/\/enlamira.info\/index.php\/wp-json\/wp\/v2\/categories?post=3155"},{"taxonomy":"post_tag","embeddable":true,"href":"https:\/\/enlamira.info\/index.php\/wp-json\/wp\/v2\/tags?post=3155"}],"curies":[{"name":"wp","href":"https:\/\/api.w.org\/{rel}","templated":true}]}}