{"id":3151,"date":"2024-04-11T11:52:04","date_gmt":"2024-04-11T14:52:04","guid":{"rendered":"https:\/\/enlamira.info\/?p=3151"},"modified":"2024-04-11T12:04:44","modified_gmt":"2024-04-11T15:04:44","slug":"reunion-con-la-cgt-el-oficialismo-acepto-negociar-una-reforma-laboral-acotada-en-la-nueva-ley-bases","status":"publish","type":"post","link":"https:\/\/enlamira.info\/index.php\/2024\/04\/11\/reunion-con-la-cgt-el-oficialismo-acepto-negociar-una-reforma-laboral-acotada-en-la-nueva-ley-bases\/","title":{"rendered":"Reuni\u00f3n con la CGT: el oficialismo acept\u00f3 negociar una reforma laboral acotada en la nueva Ley Bases"},"content":{"rendered":"\n<p>En el marco de las negociaciones para evitar un nuevo paro nacional, el Gobierno se reuni\u00f3 con la c\u00fapula cegetista y les garantiz\u00f3 la homologaci\u00f3n de las paritarias.<\/p>\n\n\n\n<p>Este mi\u00e9rcoles, el ministro del Interior, Guillermo Francos, se reuni\u00f3 con la\u00a0c\u00fapula de la\u00a0CGT\u00a0para abordar las tensiones pol\u00edticas y evitar un posible paro general o movilizaci\u00f3n programada por la central obrera contra el gobierno de\u00a0Javier Milei.\u00a0<\/p>\n\n\n\n<p>La reuni\u00f3n, que dur\u00f3 casi tres horas, pareci\u00f3 disminuir la posibilidad de una huelga inminente, aunque se espera la confirmaci\u00f3n de los pr\u00f3ximos pasos en la reuni\u00f3n de la c\u00fapula sindical este jueves.<\/p>\n\n\n\n<p>Tras el encuentro, los l\u00edderes sindicales expresaron su disposici\u00f3n a participar en una\u00a0mesa de di\u00e1logo permanente con el Gobierno\u00a0y a respaldar\u00a0cambios limitados en la legislaci\u00f3n laboral.\u00a0Sin embargo, tambi\u00e9n solicitaron al Ejecutivo que acelere la\u00a0homologaci\u00f3n de acuerdos paritarios\u00a0pendientes, como en el caso de Camioneros, un compromiso que los funcionarios de Javier Milei asumieron durante la reuni\u00f3n.<\/p>\n\n\n\n<p>Para el Gobierno, este acuerdo representa una reactivaci\u00f3n en su relaci\u00f3n con los gremios, que se hab\u00eda visto afectada tras el freno judicial al cap\u00edtulo laboral del mega Decreto de Necesidad y Urgencia (DNU) presentado anteriormente.&nbsp;<\/p>\n\n\n\n<p>Adem\u00e1s del ministro Francos, la comitiva del oficialismo estuvo conformada por el jefe de Gabinete, Nicol\u00e1s Posse, el secretario de Interior, Lisandro Catal\u00e1n, y el flamante secretario de Trabajo, Julio Cordero.\u00a0Si bien el ministro del Interior fue el primero en irse en el medio de la crisis pol\u00edtica que golpea al bloque del oficialismo, en su entorno aclararon que ten\u00eda otro compromiso.<\/p>\n\n\n\n<p>La prueba del viraje en el v\u00ednculo entre gremios y el Gobierno fue la presencia en la reuni\u00f3n del principal asesor del Presidente, Santiago Caputo. \u201cNo hay una decisi\u00f3n de tener un enfrentamiento ideol\u00f3gico ni intenci\u00f3n de demonizar a los sindicatos\u201d, dijo Caputo durante la reuni\u00f3n, seg\u00fan contaron los sindicalistas.&nbsp;Por su parte, los funcionarios reiteraron su convencimiento de que en los pr\u00f3ximos 90 d\u00edas bajar\u00e1 muy fuertemente la&nbsp;<a href=\"https:\/\/www.nexofin.com\/notas\/1139647-luis-caputo-anticipo-que-la-inflacion-de-marzo-va-a-estar-en-torno-al-10-n-\/\" target=\"_blank\" rel=\"noreferrer noopener\">inflaci\u00f3n<\/a>.<\/p>\n\n\n\n<p>Entre los l\u00edderes sindicales presentes en la reuni\u00f3n se encontraban\u00a0H\u00e9ctor Daer y Carlos Acu\u00f1a, los dirigentes Gerardo Mart\u00ednez (Uocra), Andr\u00e9s Rodr\u00edguez (UPCN), Jos\u00e9 Luis Lingeri (Obras Sanitarias), Cristian Jer\u00f3nimo (vidrio), Jorge Sola (seguros) y Hugo Moyano (Camioneros), entre otros.<\/p>\n\n\n\n<p>\u201cFue una reuni\u00f3n cordial. Fue la primera que tuvimos desde que se form\u00f3 el Gobierno. Nosotros vamos a apoyar todo lo que sea razonable\u201d, dijo uno de los participantes del encuentro.<\/p>\n\n\n\n<p>Los l\u00edderes sindicales prefieren referirse a una modernizaci\u00f3n laboral en lugar de una reforma, y est\u00e1n dispuestos a\u00a0respaldar cambios en las indemnizaciones por despido (fondo de cese laboral), el r\u00e9gimen de multas por despidos y la ampliaci\u00f3n del per\u00edodo de prueba.\u00a0Estos tres puntos hab\u00edan sido avalados previamente en conversaciones informales con el ministro Francos.\u00a0<\/p>\n\n\n\n<p>En tanto, los funcionarios se comprometieron a mostrarles el texto de los cambios antes de avanzar con su tratamiento en el Congreso, y rechazaron cualquier iniciativa que limite el poder de los sindicatos o su financiamiento.<\/p>\n\n\n\n<p>Uno de los temas m\u00e1s sensibles de la reuni\u00f3n fue el reclamo de la CGT por la demora en la homologaci\u00f3n de los acuerdos salariales, como en el caso de Camioneros. Los funcionarios prometieron resolver este tema a corto plazo.&nbsp;<\/p>\n\n\n\n<p>Moyano, que reemplaz\u00f3 a su hijo Pablo en la reuni\u00f3n, se qued\u00f3 incluso despu\u00e9s de que la mayor\u00eda de los presentes se hab\u00eda retirado, para trabajar en la soluci\u00f3n del acuerdo paritario de su gremio, en un ambiente distendido.<\/p>\n\n\n\n<p>La resoluci\u00f3n del conflicto de Camioneros influir\u00e1 en la postura que la CGT adopte sobre su\u00a0plan de lucha. Si se llega a un acuerdo sobre la paritaria, es probable que la discusi\u00f3n sobre un nuevo paro general se posponga. Sin embargo, si no se logra un acuerdo, ser\u00e1 dif\u00edcil mantener un di\u00e1logo constructivo.<\/p>\n","protected":false},"excerpt":{"rendered":"<p>En el marco de las negociaciones para evitar un nuevo paro nacional, el Gobierno se reuni\u00f3 con la c\u00fapula cegetista y les garantiz\u00f3 la homologaci\u00f3n de las paritarias. Este mi\u00e9rcoles, el ministro del Interior, Guillermo Francos, se reuni\u00f3 con la\u00a0c\u00fapula de la\u00a0CGT\u00a0para abordar las tensiones pol\u00edticas y evitar un posible paro general o movilizaci\u00f3n programada [&hellip;]<\/p>\n","protected":false},"author":2,"featured_media":3153,"comment_status":"open","ping_status":"open","sticky":false,"template":"","format":"standard","meta":{"footnotes":""},"categories":[20],"tags":[],"_links":{"self":[{"href":"https:\/\/enlamira.info\/index.php\/wp-json\/wp\/v2\/posts\/3151"}],"collection":[{"href":"https:\/\/enlamira.info\/index.php\/wp-json\/wp\/v2\/posts"}],"about":[{"href":"https:\/\/enlamira.info\/index.php\/wp-json\/wp\/v2\/types\/post"}],"author":[{"embeddable":true,"href":"https:\/\/enlamira.info\/index.php\/wp-json\/wp\/v2\/users\/2"}],"replies":[{"embeddable":true,"href":"https:\/\/enlamira.info\/index.php\/wp-json\/wp\/v2\/comments?post=3151"}],"version-history":[{"count":2,"href":"https:\/\/enlamira.info\/index.php\/wp-json\/wp\/v2\/posts\/3151\/revisions"}],"predecessor-version":[{"id":3154,"href":"https:\/\/enlamira.info\/index.php\/wp-json\/wp\/v2\/posts\/3151\/revisions\/3154"}],"wp:featuredmedia":[{"embeddable":true,"href":"https:\/\/enlamira.info\/index.php\/wp-json\/wp\/v2\/media\/3153"}],"wp:attachment":[{"href":"https:\/\/enlamira.info\/index.php\/wp-json\/wp\/v2\/media?parent=3151"}],"wp:term":[{"taxonomy":"category","embeddable":true,"href":"https:\/\/enlamira.info\/index.php\/wp-json\/wp\/v2\/categories?post=3151"},{"taxonomy":"post_tag","embeddable":true,"href":"https:\/\/enlamira.info\/index.php\/wp-json\/wp\/v2\/tags?post=3151"}],"curies":[{"name":"wp","href":"https:\/\/api.w.org\/{rel}","templated":true}]}}