{"id":3146,"date":"2024-04-11T11:49:57","date_gmt":"2024-04-11T14:49:57","guid":{"rendered":"https:\/\/enlamira.info\/?p=3146"},"modified":"2024-04-11T12:06:02","modified_gmt":"2024-04-11T15:06:02","slug":"interna-en-la-libertad-avanza-oscar-zago-dejo-de-ser-el-presidente-del-bloque-oficialista","status":"publish","type":"post","link":"https:\/\/enlamira.info\/index.php\/2024\/04\/11\/interna-en-la-libertad-avanza-oscar-zago-dejo-de-ser-el-presidente-del-bloque-oficialista\/","title":{"rendered":"Interna en La Libertad Avanza: Oscar Zago dej\u00f3 de ser el presidente del bloque oficialista"},"content":{"rendered":"\n<p>Luego de una reuni\u00f3n de urgencia en el bloque, se decidi\u00f3 que el cordob\u00e9s Gabriel Bornoroni, aliado de la hermana del Presidente y del titular de la C\u00e1mara baja, sea quien reemplace al legislador.<\/p>\n\n\n\n<p>El\u00a0diputado de La Libertad Avanza, Oscar Zago, fue destituido de la presidencia del bloque libertario\u00a0esta noche. Ser\u00e1 reemplazado por Gabriel Bornoroni (C\u00f3rdoba), un aliado del presidente de la C\u00e1mara de Diputados,\u00a0Mart\u00edn Menem, y de la secretaria General de la Presidencia, Karina Milei. La decisi\u00f3n fue tomada luego de una votaci\u00f3n realizada por los legisladores de La Libertad Avanza en el Sal\u00f3n Blanco de la C\u00e1mara baja.<\/p>\n\n\n\n<p>El cambio repentino en la presidencia del bloque se produce despu\u00e9s del esc\u00e1ndalo en la&nbsp;<strong>Comisi\u00f3n de Juicio Pol\u00edtico<\/strong>&nbsp;de la C\u00e1mara de Diputados, donde Mart\u00edn Menem decidi\u00f3 suspender la constituci\u00f3n del cuerpo para evitar que la diputada y periodista Marcela Pagano asumiera como su titular, en una medida in\u00e9dita.<\/p>\n\n\n\n<p>\u201cQuiero agradecer a todos mis compa\u00f1eros de LLA por haberme elegido como nuevo presidente de bloque.\u00a0Vamos a seguir trabajando para aprobar las leyes que necesita Javier Milei para sacar adelante al pa\u00eds\u201d, expres\u00f3 Bornoroni en la red X, luego de ser votado en una reuni\u00f3n en la que no estuvieron presentes Zago,\u00a0Marcela Pagano, Cecilia Ib\u00e1\u00f1ez y Eduardo Falcone.<\/p>\n\n\n\n<p>Tras una jornada de intensas negociaciones, acusaciones y reproches, esta noche se decidi\u00f3 que el diputado dejara de ser el presidente de la bancada en la C\u00e1mara baja.&nbsp;No obstante, la inc\u00f3gnita que todav\u00eda qued\u00f3 sin resolver es si esta decisi\u00f3n desembocar\u00e1 en una ruptura del oficialismo en el recinto.&nbsp;Al terminar el c\u00f3nclave de esta noche, uno de los asistentes confi\u00f3 a&nbsp;<em>Infobae<\/em>&nbsp;que se mantendr\u00eda la unidad, pero la decisi\u00f3n \u00faltima ser\u00e1 de Zago.<\/p>\n\n\n\n<p>De hecho, esta tarde, durante una entrevista con\u00a0<em>LN+<\/em>,\u00a0el diputado anticip\u00f3 que no tendr\u00eda problema en dejar la presidencia: \u201cSi quieren que deje la presidencia, la dejo. No me ato a ning\u00fan cargo.\u00a0No me quedo colgado de un carguito. Si quieren que me corra como presidente del bloque, tienen todo el derecho los diputados\u201d. En este sentido, desde su entorno, admitieron que ser\u00eda una posibilidad armar un espacio propio: \u201cArmo mi bloque y se vienen conmigo los que quieran\u201d.\u00a0<\/p>\n\n\n\n<p>Seg\u00fan revel\u00f3\u00a0<em>Infobae<\/em>,\u00a0la decisi\u00f3n fue de Karina Milei, quien busca reemplazar a Zago por otro hombre de mayor confianza, como es el cordob\u00e9s Gabriel Bornoroni, quien recientemente gan\u00f3 una disputa en la Justicia Federal para quedarse con el sello partidario La Libertad Avanza en su provincia. Esta movida forma parte del plan de Karina para marginar a los partidos minoritarios que formaron parte de la alianza pol\u00edtica que llev\u00f3 a Milei a la Presidencia.<\/p>\n\n\n\n<p>Los diputados que cuestionan la direcci\u00f3n de Zago le reprochan, entre otros aspectos, que \u201cno contiene al bloque\u201d, que hay muchos problemas de comunicaci\u00f3n interna y que no es un buen orador. Asimismo, le critican errores en la negociaci\u00f3n del proyecto de ley integral y el fallo p\u00fablico al creer que los art\u00edculos aprobados quedar\u00edan sancionados, a pesar de que el texto fue devuelto a comisi\u00f3n.<\/p>\n\n\n\n<p>\u201cSi hubiera alg\u00fan inconveniente, la Secretaria General de la Presidencia me hubiese llamado\u201d, hab\u00eda apuntado Zago.\u00a0De hecho, no es el \u00fanico que sospecha que el presidente de Diputados asegura que habla en nombre de la hermana del Presidente cuando en realidad impulsa su propia agenda.\u00a0\u201cTodo esto ocurre mientras el Presidente est\u00e1 en Estados Unidos, cuando estaba ac\u00e1 no hubo problemas\u201d, dijo Pagano a\u00a0<em>Infobae\u00a0<\/em>tras el esc\u00e1ndalo de la comisi\u00f3n.<\/p>\n\n\n\n<p>As\u00ed, mientras una parte del oficialismo insiste en que la votaci\u00f3n en la que se ungi\u00f3 a Pagano como titular de esa comisi\u00f3n fue leg\u00edtima y se niega a removerla de ese lugar, la otra convoc\u00f3 al encuentro en el que se podr\u00eda definir no solo el futuro del presidente del bloque, sino tambi\u00e9n su unidad.<\/p>\n","protected":false},"excerpt":{"rendered":"<p>Luego de una reuni\u00f3n de urgencia en el bloque, se decidi\u00f3 que el cordob\u00e9s Gabriel Bornoroni, aliado de la hermana del Presidente y del titular de la C\u00e1mara baja, sea quien reemplace al legislador. El\u00a0diputado de La Libertad Avanza, Oscar Zago, fue destituido de la presidencia del bloque libertario\u00a0esta noche. Ser\u00e1 reemplazado por Gabriel Bornoroni [&hellip;]<\/p>\n","protected":false},"author":2,"featured_media":3149,"comment_status":"open","ping_status":"open","sticky":false,"template":"","format":"standard","meta":{"footnotes":""},"categories":[20],"tags":[],"_links":{"self":[{"href":"https:\/\/enlamira.info\/index.php\/wp-json\/wp\/v2\/posts\/3146"}],"collection":[{"href":"https:\/\/enlamira.info\/index.php\/wp-json\/wp\/v2\/posts"}],"about":[{"href":"https:\/\/enlamira.info\/index.php\/wp-json\/wp\/v2\/types\/post"}],"author":[{"embeddable":true,"href":"https:\/\/enlamira.info\/index.php\/wp-json\/wp\/v2\/users\/2"}],"replies":[{"embeddable":true,"href":"https:\/\/enlamira.info\/index.php\/wp-json\/wp\/v2\/comments?post=3146"}],"version-history":[{"count":2,"href":"https:\/\/enlamira.info\/index.php\/wp-json\/wp\/v2\/posts\/3146\/revisions"}],"predecessor-version":[{"id":3150,"href":"https:\/\/enlamira.info\/index.php\/wp-json\/wp\/v2\/posts\/3146\/revisions\/3150"}],"wp:featuredmedia":[{"embeddable":true,"href":"https:\/\/enlamira.info\/index.php\/wp-json\/wp\/v2\/media\/3149"}],"wp:attachment":[{"href":"https:\/\/enlamira.info\/index.php\/wp-json\/wp\/v2\/media?parent=3146"}],"wp:term":[{"taxonomy":"category","embeddable":true,"href":"https:\/\/enlamira.info\/index.php\/wp-json\/wp\/v2\/categories?post=3146"},{"taxonomy":"post_tag","embeddable":true,"href":"https:\/\/enlamira.info\/index.php\/wp-json\/wp\/v2\/tags?post=3146"}],"curies":[{"name":"wp","href":"https:\/\/api.w.org\/{rel}","templated":true}]}}