{"id":3142,"date":"2024-04-11T11:49:08","date_gmt":"2024-04-11T14:49:08","guid":{"rendered":"https:\/\/enlamira.info\/?p=3142"},"modified":"2024-04-11T12:07:56","modified_gmt":"2024-04-11T15:07:56","slug":"milei-fue-distinguido-como-embajador-de-la-luz-y-revelo-un-secreto-familiar-sobre-su-abuelo","status":"publish","type":"post","link":"https:\/\/enlamira.info\/index.php\/2024\/04\/11\/milei-fue-distinguido-como-embajador-de-la-luz-y-revelo-un-secreto-familiar-sobre-su-abuelo\/","title":{"rendered":"Milei fue distinguido como \u201cEmbajador de la Luz\u201d y revel\u00f3 un secreto familiar sobre su abuelo"},"content":{"rendered":"\n<p>Durante la tarde del mi\u00e9rcoles, el presidente fue distinguido por un sector de la comunidad jud\u00eda. El viernes visitar\u00e1 la f\u00e1brica de Tesla en Texas.<\/p>\n\n\n\n<p>Este mi\u00e9rcoles, el presidente\u00a0Javier Milei\u00a0comenz\u00f3\u00a0su gira por los Estados Unidos\u00a0y el fin de semana viajar\u00e1 a Dinamarca. Ayer por la noche, fue distinguido como\u00a0\u201cEmbajador de la Luz\u201d\u00a0por la comunidad jud\u00eda Jabad Lubavitch.<\/p>\n\n\n\n<p>La ceremonia se realiz\u00f3 en el\u00a0Centro Menachem Mendel Schneerson\u00a0en la Sinagoga \u201cThe Shul, Our Jewish Home\u201d como parte de la inauguraci\u00f3n del lugar y el reconocimiento fue otorgado por sus \u201cincansables esfuerzos por Israel y la comunidad global, adem\u00e1s de su inquebrantable dedicaci\u00f3n a difundir la libertad, la esperanza y la positividad frente a la oscuridad\u201d.<\/p>\n\n\n\n<p>Durante el evento,\u00a0Milei revel\u00f3 una curiosa historia. \u201cMi abuelo fue una gran influencia, con quien yo hablaba frecuentemente, tomaba valores y aprend\u00eda much\u00edsimo. Lo m\u00e1s interesante es que, a poco tiempo de partir, \u00e9l\u00a0descubri\u00f3 que era jud\u00edo. No lo sab\u00eda y le dijeron: \u2018Pero si tu mam\u00e1 era jud\u00eda, t\u00fa eres jud\u00edo\u2019\u201d, cont\u00f3 el mandatario desde el escenario donde fue entrevistado por Ben Shapiro.<\/p>\n\n\n\n<p>\u201c\u00c9l era muy apegado a su mam\u00e1 y su abuelo, adem\u00e1s, era rabino. Es decir, que toda esa formaci\u00f3n que \u00e9l hab\u00eda recibido de ellos estaba profundamente vinculada al juda\u00edsmo y todos esos valores que me transmit\u00eda eran del juda\u00edsmo\u201d, agreg\u00f3.<\/p>\n\n\n\n<p>Este jueves, mantendr\u00e1 una reuni\u00f3n con\u00a0Ilan Goldfajn, Presidente del Banco Interamericano de Desarrollo (BID) y el viernes viajar\u00e1 a Texas, donde visitar\u00e1 a las 10 de la ma\u00f1ana la f\u00e1brica Tesla y se ver\u00e1 por primera vez cara a cara con el magnate\u00a0Elon Musk.<\/p>\n","protected":false},"excerpt":{"rendered":"<p>Durante la tarde del mi\u00e9rcoles, el presidente fue distinguido por un sector de la comunidad jud\u00eda. El viernes visitar\u00e1 la f\u00e1brica de Tesla en Texas. Este mi\u00e9rcoles, el presidente\u00a0Javier Milei\u00a0comenz\u00f3\u00a0su gira por los Estados Unidos\u00a0y el fin de semana viajar\u00e1 a Dinamarca. Ayer por la noche, fue distinguido como\u00a0\u201cEmbajador de la Luz\u201d\u00a0por la comunidad jud\u00eda [&hellip;]<\/p>\n","protected":false},"author":2,"featured_media":3145,"comment_status":"open","ping_status":"open","sticky":false,"template":"","format":"standard","meta":{"footnotes":""},"categories":[20],"tags":[],"_links":{"self":[{"href":"https:\/\/enlamira.info\/index.php\/wp-json\/wp\/v2\/posts\/3142"}],"collection":[{"href":"https:\/\/enlamira.info\/index.php\/wp-json\/wp\/v2\/posts"}],"about":[{"href":"https:\/\/enlamira.info\/index.php\/wp-json\/wp\/v2\/types\/post"}],"author":[{"embeddable":true,"href":"https:\/\/enlamira.info\/index.php\/wp-json\/wp\/v2\/users\/2"}],"replies":[{"embeddable":true,"href":"https:\/\/enlamira.info\/index.php\/wp-json\/wp\/v2\/comments?post=3142"}],"version-history":[{"count":1,"href":"https:\/\/enlamira.info\/index.php\/wp-json\/wp\/v2\/posts\/3142\/revisions"}],"predecessor-version":[{"id":3143,"href":"https:\/\/enlamira.info\/index.php\/wp-json\/wp\/v2\/posts\/3142\/revisions\/3143"}],"wp:featuredmedia":[{"embeddable":true,"href":"https:\/\/enlamira.info\/index.php\/wp-json\/wp\/v2\/media\/3145"}],"wp:attachment":[{"href":"https:\/\/enlamira.info\/index.php\/wp-json\/wp\/v2\/media?parent=3142"}],"wp:term":[{"taxonomy":"category","embeddable":true,"href":"https:\/\/enlamira.info\/index.php\/wp-json\/wp\/v2\/categories?post=3142"},{"taxonomy":"post_tag","embeddable":true,"href":"https:\/\/enlamira.info\/index.php\/wp-json\/wp\/v2\/tags?post=3142"}],"curies":[{"name":"wp","href":"https:\/\/api.w.org\/{rel}","templated":true}]}}