{"id":3135,"date":"2024-04-11T11:46:37","date_gmt":"2024-04-11T14:46:37","guid":{"rendered":"https:\/\/enlamira.info\/?p=3135"},"modified":"2024-04-11T12:12:42","modified_gmt":"2024-04-11T15:12:42","slug":"crisis-en-lla-zago-formaria-su-propio-bloque-tras-ser-desplazado-de-la-presidencia-en-diputados","status":"publish","type":"post","link":"https:\/\/enlamira.info\/index.php\/2024\/04\/11\/crisis-en-lla-zago-formaria-su-propio-bloque-tras-ser-desplazado-de-la-presidencia-en-diputados\/","title":{"rendered":"Crisis en LLA: Zago formar\u00eda su propio bloque tras ser desplazado de la presidencia en Diputados"},"content":{"rendered":"\n<p>El legislador no tom\u00f3 bien que se lo apartara de la c\u00fapula en la C\u00e1mara baja y cont\u00f3 detalles de sus pr\u00f3ximos pasos dentro del partido libertario.<\/p>\n\n\n\n<p>En medio de\u00a0una crisis interna de La Libertad Avanza, el diputado\u00a0Oscar Zago, quien fue aparatado de la presidencia del espacio en la C\u00e1mara Baja tras\u00a0el esc\u00e1ndalo en la Comisi\u00f3n de Juicio Pol\u00edtico, habl\u00f3 de\u00a0c\u00f3mo continuar\u00e1 su trabajo pol\u00edtico.<\/p>\n\n\n\n<p>Este jueves por la ma\u00f1ana, el legislador coment\u00f3 que\u00a0se reunir\u00e1 con su espacio, el Movimiento de Integraci\u00f3n y Desarrollo (MID)\u00a0y empez\u00f3 a deslizar que\u00a0prepara un interbloque.<\/p>\n\n\n\n<p>\u201cSi se acepta esa posici\u00f3n, bien; si no, nosotros somos acompa\u00f1adores y vamos a seguir acompa\u00f1ando al presidente de la Naci\u00f3n desde nuestro bloque\u201d, sostuvo Zago.<\/p>\n\n\n\n<p>Y agreg\u00f3: \u201cSigo perteneciendo al frente con mi partido pol\u00edtico.\u00a0Se har\u00e1 un bloque seguramente. Nos juntaremos con los diputados que tengo, con los legisladores de la Ciudad, y veremos si se har\u00e1 un interbloque. Podr\u00e1 funcionar como en Pro u otros partidos\u201d.<\/p>\n\n\n\n<p>Luego de apuntar contra el presidente de la C\u00e1mara Baja,\u00a0Mart\u00edn Menem, a quien se\u00f1al\u00f3 y sostuvo que \u201cest\u00e1 equivocado\u201d por su decisi\u00f3n, Zago cont\u00f3 detalles del rol de Milei en el affaire.<\/p>\n\n\n\n<p>\u201cJavier Milei correctamente no se mete en estas cuestiones. Solo da el ok como el s\u00e1bado me lo dio a m\u00ed y a Pagan. Algunos interpretan que la opini\u00f3n del mandatario es otra, pero que se hagan cargo ellos\u201d, coment\u00f3.<\/p>\n\n\n\n<p>\u201cMilei deseaba que yo sea presidente del bloque y tiene un deseo de que hagamos una alianza con Pro. Me puse a trabajar porque tengo una gran amistad con la gente de ese partido. Hay diputados que no les interesa que Pro venga; si est\u00e1n enojados por eso, bueno, bienvenido sea, as\u00ed es la pol\u00edtica. Algunos se oponen, pero lo expresan por debajo. Es ir en contra del Presidente y yo nunca voy a ir en contra de \u00e9l\u201d, agreg\u00f3.<\/p>\n\n\n\n<p>Respecto de\u00a0Karina Milei, hermana y secretaria General de la Presidencia, detall\u00f3: \u201cNo habl\u00e9 con Karina\u00a0y Menem fue quien mand\u00f3 la comunicaci\u00f3n, quien hizo las cuestiones de intentar levantar una reuni\u00f3n que a mi entender no corresponde\u201d.<\/p>\n\n\n\n<p>\u201cEsto es v\u00e1lido, en pol\u00edtica todo vale, es correcto, tienen todo el derecho. Yo tengo los argumentos de un trabajo pol\u00edtico que hago. Mi cargo siempre estuvo a disposici\u00f3n como tienen que estar todos porque es un frente, nos elige el presidente\u201d, afirm\u00f3.<\/p>\n","protected":false},"excerpt":{"rendered":"<p>El legislador no tom\u00f3 bien que se lo apartara de la c\u00fapula en la C\u00e1mara baja y cont\u00f3 detalles de sus pr\u00f3ximos pasos dentro del partido libertario. En medio de\u00a0una crisis interna de La Libertad Avanza, el diputado\u00a0Oscar Zago, quien fue aparatado de la presidencia del espacio en la C\u00e1mara Baja tras\u00a0el esc\u00e1ndalo en la [&hellip;]<\/p>\n","protected":false},"author":2,"featured_media":3137,"comment_status":"open","ping_status":"open","sticky":false,"template":"","format":"standard","meta":{"footnotes":""},"categories":[20],"tags":[],"_links":{"self":[{"href":"https:\/\/enlamira.info\/index.php\/wp-json\/wp\/v2\/posts\/3135"}],"collection":[{"href":"https:\/\/enlamira.info\/index.php\/wp-json\/wp\/v2\/posts"}],"about":[{"href":"https:\/\/enlamira.info\/index.php\/wp-json\/wp\/v2\/types\/post"}],"author":[{"embeddable":true,"href":"https:\/\/enlamira.info\/index.php\/wp-json\/wp\/v2\/users\/2"}],"replies":[{"embeddable":true,"href":"https:\/\/enlamira.info\/index.php\/wp-json\/wp\/v2\/comments?post=3135"}],"version-history":[{"count":1,"href":"https:\/\/enlamira.info\/index.php\/wp-json\/wp\/v2\/posts\/3135\/revisions"}],"predecessor-version":[{"id":3136,"href":"https:\/\/enlamira.info\/index.php\/wp-json\/wp\/v2\/posts\/3135\/revisions\/3136"}],"wp:featuredmedia":[{"embeddable":true,"href":"https:\/\/enlamira.info\/index.php\/wp-json\/wp\/v2\/media\/3137"}],"wp:attachment":[{"href":"https:\/\/enlamira.info\/index.php\/wp-json\/wp\/v2\/media?parent=3135"}],"wp:term":[{"taxonomy":"category","embeddable":true,"href":"https:\/\/enlamira.info\/index.php\/wp-json\/wp\/v2\/categories?post=3135"},{"taxonomy":"post_tag","embeddable":true,"href":"https:\/\/enlamira.info\/index.php\/wp-json\/wp\/v2\/tags?post=3135"}],"curies":[{"name":"wp","href":"https:\/\/api.w.org\/{rel}","templated":true}]}}