{"id":3130,"date":"2024-04-11T11:45:07","date_gmt":"2024-04-11T14:45:07","guid":{"rendered":"https:\/\/enlamira.info\/?p=3130"},"modified":"2024-04-11T12:14:02","modified_gmt":"2024-04-11T15:14:02","slug":"una-resolucion-detalla-como-se-les-quitaran-los-planes-sociales-a-quienes-participen-de-cortes","status":"publish","type":"post","link":"https:\/\/enlamira.info\/index.php\/2024\/04\/11\/una-resolucion-detalla-como-se-les-quitaran-los-planes-sociales-a-quienes-participen-de-cortes\/","title":{"rendered":"Una resoluci\u00f3n detalla c\u00f3mo se les quitar\u00e1n los planes sociales a quienes participen de cortes"},"content":{"rendered":"\n<p>Difundieron un texto firmado por Sandra Pettovello en el que se enumeran los criterios para quitar el plan \u201cVolver al trabajo\u201d.<\/p>\n\n\n\n<p>La advertencia del Gobierno Nacional sobre la\u00a0quita de Planes Sociales\u00a0a quienes interrumpan la libre circulaci\u00f3n\u00a0ya estar\u00eda formalizada en un\u00a0texto firmado\u00a0por la ministra de Capital Humano,\u00a0Sandra Pettovello.<\/p>\n\n\n\n<p>La resoluci\u00f3n\u00a0establece los criterios\u00a0por los cuales los beneficiarios del\u00a0plan \u201cVolver al trabajo\u201d\u00a0pueden perderlo en caso de incumplir con ciertos requisitos.<\/p>\n\n\n\n<p>\u201cEl que impidiere, estorbase o entorpeciese el normal funcionamiento de los transportes por tierra, agua o aire o no permitiera a terceros movilizarse libremente por la v\u00eda p\u00fablica, ser\u00e1 egresado del programa en\u00a0forma inmediata\u00a0procedi\u00e9ndose a suspender el pago del beneficio\u201d, sostiene el texto que fue difundido por\u00a0<em>LN+<\/em>.<\/p>\n\n\n\n<p>Adem\u00e1s, seg\u00fan detallaron, tambi\u00e9n ser\u00e1n retirados los planes a quienes incurrieran \u201cen\u00a0actos de violencia que importen la alteraci\u00f3n del orden p\u00fablico, que hayan sido notificados de manera fehaciente por los organismos competentes\u201d.<\/p>\n\n\n\n<p>Con la nueva administraci\u00f3n de Javier Milei,\u00a0se dieron de baja 58.083 planes Potenciar\u00a0debido a inconsistencias, pero al mismo hubo casi\u00a0un mill\u00f3n de nuevos beneficiarios\u00a0del \u201cVolver al trabajo\u201d.<\/p>\n\n\n\n<p>Este nuevo plan, seg\u00fan informaron, pretende fomentar la\u00a0reinserci\u00f3n laboral y las competencias socio laborales\u00a0y est\u00e1 dirigido a quienes pertenecieron al \u201cPrograma Nacional de Inclusi\u00f3n Socio-Productiva y Desarrollo Local \u2013 Potenciar Trabajo\u201d<\/p>\n","protected":false},"excerpt":{"rendered":"<p>Difundieron un texto firmado por Sandra Pettovello en el que se enumeran los criterios para quitar el plan \u201cVolver al trabajo\u201d. La advertencia del Gobierno Nacional sobre la\u00a0quita de Planes Sociales\u00a0a quienes interrumpan la libre circulaci\u00f3n\u00a0ya estar\u00eda formalizada en un\u00a0texto firmado\u00a0por la ministra de Capital Humano,\u00a0Sandra Pettovello. La resoluci\u00f3n\u00a0establece los criterios\u00a0por los cuales los beneficiarios [&hellip;]<\/p>\n","protected":false},"author":2,"featured_media":3132,"comment_status":"open","ping_status":"open","sticky":false,"template":"","format":"standard","meta":{"footnotes":""},"categories":[20],"tags":[],"_links":{"self":[{"href":"https:\/\/enlamira.info\/index.php\/wp-json\/wp\/v2\/posts\/3130"}],"collection":[{"href":"https:\/\/enlamira.info\/index.php\/wp-json\/wp\/v2\/posts"}],"about":[{"href":"https:\/\/enlamira.info\/index.php\/wp-json\/wp\/v2\/types\/post"}],"author":[{"embeddable":true,"href":"https:\/\/enlamira.info\/index.php\/wp-json\/wp\/v2\/users\/2"}],"replies":[{"embeddable":true,"href":"https:\/\/enlamira.info\/index.php\/wp-json\/wp\/v2\/comments?post=3130"}],"version-history":[{"count":2,"href":"https:\/\/enlamira.info\/index.php\/wp-json\/wp\/v2\/posts\/3130\/revisions"}],"predecessor-version":[{"id":3134,"href":"https:\/\/enlamira.info\/index.php\/wp-json\/wp\/v2\/posts\/3130\/revisions\/3134"}],"wp:featuredmedia":[{"embeddable":true,"href":"https:\/\/enlamira.info\/index.php\/wp-json\/wp\/v2\/media\/3132"}],"wp:attachment":[{"href":"https:\/\/enlamira.info\/index.php\/wp-json\/wp\/v2\/media?parent=3130"}],"wp:term":[{"taxonomy":"category","embeddable":true,"href":"https:\/\/enlamira.info\/index.php\/wp-json\/wp\/v2\/categories?post=3130"},{"taxonomy":"post_tag","embeddable":true,"href":"https:\/\/enlamira.info\/index.php\/wp-json\/wp\/v2\/tags?post=3130"}],"curies":[{"name":"wp","href":"https:\/\/api.w.org\/{rel}","templated":true}]}}