{"id":3127,"date":"2024-04-11T11:44:19","date_gmt":"2024-04-11T14:44:19","guid":{"rendered":"https:\/\/enlamira.info\/?p=3127"},"modified":"2024-04-11T11:44:34","modified_gmt":"2024-04-11T14:44:34","slug":"paro-de-colectivos-el-gobierno-convoco-a-gremialistas-y-empresarios-para-intentar-levantar-la-medida","status":"publish","type":"post","link":"https:\/\/enlamira.info\/index.php\/2024\/04\/11\/paro-de-colectivos-el-gobierno-convoco-a-gremialistas-y-empresarios-para-intentar-levantar-la-medida\/","title":{"rendered":"Paro de colectivos: el Gobierno convoc\u00f3 a gremialistas y empresarios para intentar levantar la medida"},"content":{"rendered":"\n<p>La reuni\u00f3n se llevar\u00e1 a cabo este jueves a las 12.30 con la intenci\u00f3n de lograr el funcionamiento del transporte en el AMBA por la tarde.<\/p>\n\n\n\n<p>En medio de un\u00a0paro de transporte que afecta este jueves a casi todas la l\u00edneas de colectivos en el AMBA,\u00a0el Gobierno convoc\u00f3 de urgencia\u00a0a la Uni\u00f3n Tranviarios Automotor (UTA) y a las c\u00e1maras de empresarios del sector para\u00a0destrabar la medida de fuerza.<\/p>\n\n\n\n<p>La reuni\u00f3n\u00a0tendr\u00e1 lugar a las 12.30\u00a0de hoy en las oficinas de la\u00a0Secretar\u00eda de Trabajo\u00a0ubicadas en la sede de avenida Callao.<\/p>\n\n\n\n<p>Seg\u00fan trascendi\u00f3, tanto\u00a0Roberto Fern\u00e1ndez, titular del gremio de los choferes, como los\u00a0referentes de las c\u00e1maras\u00a0del conurbano y la Ciudad de Buenos Aires, asistir\u00e1n a la reuni\u00f3n.<\/p>\n\n\n\n<p>No est\u00e1 descartado que funcionarios del Ministerio de Trabajo participen del c\u00f3nclave ya que las empresas sostiene que parte del incumplimiento del pago del adicional que reclama el gremio no puede abonarse porque el Estado no abon\u00f3 un porcentaje del subsidio.<\/p>\n\n\n\n<p>Uno de los\u00a0temores del Gobierno\u00a0es que\u00a0el paro pueda extenderse por varios d\u00edas\u00a0ya que la pr\u00f3xima reuni\u00f3n de paritarias pactada es reci\u00e9n el lunes 15, lo que provocar\u00eda un caos en la poblaci\u00f3n para poder movilizarse.<\/p>\n","protected":false},"excerpt":{"rendered":"<p>La reuni\u00f3n se llevar\u00e1 a cabo este jueves a las 12.30 con la intenci\u00f3n de lograr el funcionamiento del transporte en el AMBA por la tarde. En medio de un\u00a0paro de transporte que afecta este jueves a casi todas la l\u00edneas de colectivos en el AMBA,\u00a0el Gobierno convoc\u00f3 de urgencia\u00a0a la Uni\u00f3n Tranviarios Automotor (UTA) [&hellip;]<\/p>\n","protected":false},"author":2,"featured_media":0,"comment_status":"open","ping_status":"open","sticky":false,"template":"","format":"standard","meta":{"footnotes":""},"categories":[34],"tags":[],"_links":{"self":[{"href":"https:\/\/enlamira.info\/index.php\/wp-json\/wp\/v2\/posts\/3127"}],"collection":[{"href":"https:\/\/enlamira.info\/index.php\/wp-json\/wp\/v2\/posts"}],"about":[{"href":"https:\/\/enlamira.info\/index.php\/wp-json\/wp\/v2\/types\/post"}],"author":[{"embeddable":true,"href":"https:\/\/enlamira.info\/index.php\/wp-json\/wp\/v2\/users\/2"}],"replies":[{"embeddable":true,"href":"https:\/\/enlamira.info\/index.php\/wp-json\/wp\/v2\/comments?post=3127"}],"version-history":[{"count":2,"href":"https:\/\/enlamira.info\/index.php\/wp-json\/wp\/v2\/posts\/3127\/revisions"}],"predecessor-version":[{"id":3129,"href":"https:\/\/enlamira.info\/index.php\/wp-json\/wp\/v2\/posts\/3127\/revisions\/3129"}],"wp:attachment":[{"href":"https:\/\/enlamira.info\/index.php\/wp-json\/wp\/v2\/media?parent=3127"}],"wp:term":[{"taxonomy":"category","embeddable":true,"href":"https:\/\/enlamira.info\/index.php\/wp-json\/wp\/v2\/categories?post=3127"},{"taxonomy":"post_tag","embeddable":true,"href":"https:\/\/enlamira.info\/index.php\/wp-json\/wp\/v2\/tags?post=3127"}],"curies":[{"name":"wp","href":"https:\/\/api.w.org\/{rel}","templated":true}]}}