{"id":3122,"date":"2024-04-11T11:42:39","date_gmt":"2024-04-11T14:42:39","guid":{"rendered":"https:\/\/enlamira.info\/?p=3122"},"modified":"2024-04-11T12:14:59","modified_gmt":"2024-04-11T15:14:59","slug":"tras-el-escandalo-de-los-seguros-el-gobierno-prohibio-brokers-intermediarios-en-operaciones-del-estado","status":"publish","type":"post","link":"https:\/\/enlamira.info\/index.php\/2024\/04\/11\/tras-el-escandalo-de-los-seguros-el-gobierno-prohibio-brokers-intermediarios-en-operaciones-del-estado\/","title":{"rendered":"Tras el esc\u00e1ndalo de los seguros, el Gobierno prohibi\u00f3 brokers intermediarios en operaciones del Estado"},"content":{"rendered":"\n<p>La medida fue informada oficialmente por el jefe de Gabinete, Nicol\u00e1s Posse, quien ya advirti\u00f3 a todos los ministros.<\/p>\n\n\n\n<p>El Gobierno nacional tom\u00f3 una fuerte medida tras el\u00a0esc\u00e1ndalo de los seguros\u00a0que salpica a la gesti\u00f3n de\u00a0Alberto Fern\u00e1ndez. El ex presidente hab\u00eda sacado un decreto que unificaba la contrataci\u00f3n de todas p\u00f3lizas de empresas estatales en\u00a0Naci\u00f3n Seguros, lo que le abri\u00f3 la puerta a los brokers.<\/p>\n\n\n\n<p>El jefe de Gabinete,\u00a0Nicol\u00e1s Posse, y la secretaria de Presidencia, Karina Milei, le notificaron a los ministros que no podr\u00e1n incorporar intermediarios en los seguros oficiales. Esta decisi\u00f3n se suma a la de\u00a0desplazar a dos funcionarios de Naci\u00f3n Seguros\u00a0involucrados en el esc\u00e1ndalo: Mauro Tanos y Federico Eufemio.<\/p>\n\n\n\n<p>La resoluci\u00f3n comunicada por la Jefatura de Gabinete se\u00f1ala: \u201cPor medio de la presente, resulta oportuno aclarar que\u00a0las contrataciones de las p\u00f3lizas de seguros que se lleven a cabo en la \u00f3rbita de sus jurisdicciones,\u00a0deber\u00e1n efectuarse sin mediar intermediaci\u00f3n\u201c.<\/p>\n\n\n\n<p>El texto firmado por\u00a0Nicol\u00e1s Posse\u00a0fue enviado a los ministros Guillermo Francos, Diana Mondino, Luis Petri, Luis Caputo, Mariano C\u00faneo Libarona, Patricia Bullrich, Mario Russo, Sandra Pettovello, Karina Milei, Javier Herrera Bravo y Eduardo Serenellini.<\/p>\n\n\n\n<p>Seg\u00fan una auditor\u00eda de\u00a0Naci\u00f3n Seguros\u00a0enviada a la Justicia, los\u00a0brokers hab\u00edan cobrado $239.961.680 en los primeros dos meses de este a\u00f1o por contratos con el Estado.<\/p>\n","protected":false},"excerpt":{"rendered":"<p>La medida fue informada oficialmente por el jefe de Gabinete, Nicol\u00e1s Posse, quien ya advirti\u00f3 a todos los ministros. El Gobierno nacional tom\u00f3 una fuerte medida tras el\u00a0esc\u00e1ndalo de los seguros\u00a0que salpica a la gesti\u00f3n de\u00a0Alberto Fern\u00e1ndez. El ex presidente hab\u00eda sacado un decreto que unificaba la contrataci\u00f3n de todas p\u00f3lizas de empresas estatales en\u00a0Naci\u00f3n [&hellip;]<\/p>\n","protected":false},"author":2,"featured_media":3125,"comment_status":"open","ping_status":"open","sticky":false,"template":"","format":"standard","meta":{"footnotes":""},"categories":[20],"tags":[],"_links":{"self":[{"href":"https:\/\/enlamira.info\/index.php\/wp-json\/wp\/v2\/posts\/3122"}],"collection":[{"href":"https:\/\/enlamira.info\/index.php\/wp-json\/wp\/v2\/posts"}],"about":[{"href":"https:\/\/enlamira.info\/index.php\/wp-json\/wp\/v2\/types\/post"}],"author":[{"embeddable":true,"href":"https:\/\/enlamira.info\/index.php\/wp-json\/wp\/v2\/users\/2"}],"replies":[{"embeddable":true,"href":"https:\/\/enlamira.info\/index.php\/wp-json\/wp\/v2\/comments?post=3122"}],"version-history":[{"count":2,"href":"https:\/\/enlamira.info\/index.php\/wp-json\/wp\/v2\/posts\/3122\/revisions"}],"predecessor-version":[{"id":3126,"href":"https:\/\/enlamira.info\/index.php\/wp-json\/wp\/v2\/posts\/3122\/revisions\/3126"}],"wp:featuredmedia":[{"embeddable":true,"href":"https:\/\/enlamira.info\/index.php\/wp-json\/wp\/v2\/media\/3125"}],"wp:attachment":[{"href":"https:\/\/enlamira.info\/index.php\/wp-json\/wp\/v2\/media?parent=3122"}],"wp:term":[{"taxonomy":"category","embeddable":true,"href":"https:\/\/enlamira.info\/index.php\/wp-json\/wp\/v2\/categories?post=3122"},{"taxonomy":"post_tag","embeddable":true,"href":"https:\/\/enlamira.info\/index.php\/wp-json\/wp\/v2\/tags?post=3122"}],"curies":[{"name":"wp","href":"https:\/\/api.w.org\/{rel}","templated":true}]}}