{"id":3108,"date":"2024-04-11T11:38:15","date_gmt":"2024-04-11T14:38:15","guid":{"rendered":"https:\/\/enlamira.info\/?p=3108"},"modified":"2024-04-11T12:18:42","modified_gmt":"2024-04-11T15:18:42","slug":"dramatico-testimonio-de-la-mujer-que-denuncio-a-gonzalo-montiel-por-abuso-sexual","status":"publish","type":"post","link":"https:\/\/enlamira.info\/index.php\/2024\/04\/11\/dramatico-testimonio-de-la-mujer-que-denuncio-a-gonzalo-montiel-por-abuso-sexual\/","title":{"rendered":"Dram\u00e1tico testimonio de la mujer que denunci\u00f3 a Gonzalo Montiel por abuso sexual"},"content":{"rendered":"\n<p>\u201cMe drogaron hasta la inconsciencia\u201d, revel\u00f3 la v\u00edctima en un video.<\/p>\n\n\n\n<p>Este mi\u00e9rcoles rompi\u00f3 el silencio\u00a0Carolina, la mujer que denunci\u00f3 a Gonzalo Montiel por abuso sexual.\u00a0El\u00a0dram\u00e1tico relato de la v\u00edctima\u00a0sobre los hechos ocurridos el 1 de enero del 2019.<\/p>\n\n\n\n<p>La denunciante habl\u00f3 por primera vez en un video que comparti\u00f3 su abogada, Raquel Hermida: \u201cSoy Carolina,\u00a0modelo y azafata, sobreviviente de un abuso sexual grupal donde el principal autor fue Gonzalo Montiel,\u00a0nuestro \u00faltimo gol en el Mundial\u201d.<\/p>\n\n\n\n<p>\u201cGonzalo me viol\u00f3\u201d, afirm\u00f3 Carolina. Tambi\u00e9n cont\u00f3 que pas\u00f3 varios meses buscando abogado porque \u201ctodos quer\u00edan negociar, ninguno quer\u00eda ir a juicio\u201d.<\/p>\n\n\n\n<p>Sobre los hechos que ya est\u00e1n en la Justicia, Carolina relat\u00f3:\u00a0\u201cEra su cumplea\u00f1os y me invit\u00f3 a su casa, est\u00e1bamos conoci\u00e9ndonos. Me drogaron hasta la inconsciencia,\u00a0eso ya qued\u00f3 probado en la investigaci\u00f3n, igual que mis gritos en el medio de la reuni\u00f3n\u201d.<\/p>\n\n\n\n<h3 class=\"wp-block-heading\">En qu\u00e9 instancia est\u00e1 la causa<\/h3>\n\n\n\n<p>En junio del a\u00f1o pasado, cuando a\u00fan era\u00a0jugador del Sevilla, Montiel se present\u00f3 voluntariamente en la Justicia para dar su testimonio. En ese momento fue notificado que estaba imputado en la causa.<\/p>\n\n\n\n<p>La misma tiene como car\u00e1tula de \u201cabuso sexual con acceso carnal agravado por la participaci\u00f3n de dos o m\u00e1s personas\u201d y la lleva adelante la Unidad Funcional N\u00ba3 de Lomas de Zamora.<\/p>\n","protected":false},"excerpt":{"rendered":"<p>\u201cMe drogaron hasta la inconsciencia\u201d, revel\u00f3 la v\u00edctima en un video. Este mi\u00e9rcoles rompi\u00f3 el silencio\u00a0Carolina, la mujer que denunci\u00f3 a Gonzalo Montiel por abuso sexual.\u00a0El\u00a0dram\u00e1tico relato de la v\u00edctima\u00a0sobre los hechos ocurridos el 1 de enero del 2019. La denunciante habl\u00f3 por primera vez en un video que comparti\u00f3 su abogada, Raquel Hermida: \u201cSoy [&hellip;]<\/p>\n","protected":false},"author":2,"featured_media":3110,"comment_status":"open","ping_status":"open","sticky":false,"template":"","format":"standard","meta":{"footnotes":""},"categories":[14],"tags":[],"_links":{"self":[{"href":"https:\/\/enlamira.info\/index.php\/wp-json\/wp\/v2\/posts\/3108"}],"collection":[{"href":"https:\/\/enlamira.info\/index.php\/wp-json\/wp\/v2\/posts"}],"about":[{"href":"https:\/\/enlamira.info\/index.php\/wp-json\/wp\/v2\/types\/post"}],"author":[{"embeddable":true,"href":"https:\/\/enlamira.info\/index.php\/wp-json\/wp\/v2\/users\/2"}],"replies":[{"embeddable":true,"href":"https:\/\/enlamira.info\/index.php\/wp-json\/wp\/v2\/comments?post=3108"}],"version-history":[{"count":1,"href":"https:\/\/enlamira.info\/index.php\/wp-json\/wp\/v2\/posts\/3108\/revisions"}],"predecessor-version":[{"id":3109,"href":"https:\/\/enlamira.info\/index.php\/wp-json\/wp\/v2\/posts\/3108\/revisions\/3109"}],"wp:featuredmedia":[{"embeddable":true,"href":"https:\/\/enlamira.info\/index.php\/wp-json\/wp\/v2\/media\/3110"}],"wp:attachment":[{"href":"https:\/\/enlamira.info\/index.php\/wp-json\/wp\/v2\/media?parent=3108"}],"wp:term":[{"taxonomy":"category","embeddable":true,"href":"https:\/\/enlamira.info\/index.php\/wp-json\/wp\/v2\/categories?post=3108"},{"taxonomy":"post_tag","embeddable":true,"href":"https:\/\/enlamira.info\/index.php\/wp-json\/wp\/v2\/tags?post=3108"}],"curies":[{"name":"wp","href":"https:\/\/api.w.org\/{rel}","templated":true}]}}