{"id":3097,"date":"2024-04-11T11:34:31","date_gmt":"2024-04-11T14:34:31","guid":{"rendered":"https:\/\/enlamira.info\/?p=3097"},"modified":"2024-04-11T20:43:30","modified_gmt":"2024-04-11T23:43:30","slug":"movistar-plus-despidio-al-mono-burgos-tras-los-discriminatorios-dichos-contra-yamal","status":"publish","type":"post","link":"https:\/\/enlamira.info\/index.php\/2024\/04\/11\/movistar-plus-despidio-al-mono-burgos-tras-los-discriminatorios-dichos-contra-yamal\/","title":{"rendered":"Movistar Plus despidi\u00f3 al \u201cMono\u201d Burgos tras los discriminatorios dichos contra Yamal"},"content":{"rendered":"\n<p>La cadena decidi\u00f3 dejar de trabajar con el ex arquero tras sus fuertes declaraciones sobre el jugador del Barcelona en la previa al partido con el PSG<\/p>\n\n\n\n<p>Germ\u00e1n Burgos\u00a0se volvi\u00f3 viral en las \u00faltimas horas debido a un dur\u00edsimo comentario racista contra\u00a0Lamine Yamal, jugador del\u00a0Barcelona, en la previa al partido contra el\u00a0Paris Saint-Germain\u00a0por los cuartos de final de la\u00a0UEFA Champions League.<\/p>\n\n\n\n<p>Durante la transmisi\u00f3n de\u00a0\u201cLa Noche de Champions\u201d\u00a0por Movistar Plus+, las c\u00e1maras enfocaron a la joven promesa realizar unos toques con el bal\u00f3n y el argentino dijo:\u00a0\u201cSi no le va bien termina en un sem\u00e1foro. El f\u00fatbol es como la vida\u201d.<\/p>\n\n\n\n<figure class=\"wp-block-embed is-type-rich is-provider-twitter wp-block-embed-twitter\"><div class=\"wp-block-embed__wrapper\">\n<blockquote class=\"twitter-tweet\" data-width=\"550\" data-dnt=\"true\"><p lang=\"es\" dir=\"ltr\">Hoy ha sido despedido en Movistar el Mono Burgos por este comentario clasista sobre Lamine Yamal, de 16 a\u00f1os: &quot;Si no le va bien acaba en un sem\u00e1foro&quot;. La presentadora es Susana Guasch, que lo permiti\u00f3 y se descojon\u00f3, y s\u00f3lo ha sido apercibida por la cadena <a href=\"https:\/\/t.co\/wLhhPEQsl3\">pic.twitter.com\/wLhhPEQsl3<\/a><\/p>&mdash; Fonsi Loaiza (@FonsiLoaiza) <a href=\"https:\/\/twitter.com\/FonsiLoaiza\/status\/1778400811632017754?ref_src=twsrc%5Etfw\">April 11, 2024<\/a><\/blockquote><script async src=\"https:\/\/platform.twitter.com\/widgets.js\" charset=\"utf-8\"><\/script>\n<\/div><\/figure>\n\n\n\n<p>Estos dichos no solo cayeron mal entre los fan\u00e1ticos del conjunto cul\u00e9, sino tambi\u00e9n entre los del PSG y los jugadores mismos, los cuales\u00a0decidieron no dar conferencia de prensa post partido debido al enojo que se gener\u00f3 en dicho momento.\u00a0<\/p>\n\n\n\n<p>Pero la situaci\u00f3n termin\u00f3 escalando y la cadena decidi\u00f3 despedir a Burgos, terminando r\u00e1pidamente su colaboraci\u00f3n debido a la pol\u00e9mica. Por parte del ex arquero, pidi\u00f3 disculpas al aire tras el partido por todo lo sucedido:\u00a0\u201cfue un comentario sin tratar de herir a nadie. (\u2026) Si alguien se sinti\u00f3 ofendido, lo siento y pido disculpas p\u00fablicas porque no fue mi intenci\u00f3n. Uno a veces va haciendo una humorada, te vas metiendo en problemas, y en estas \u00e9pocas tienes que adaptarte a todo y en eso estamos\u201d.\u00a0<\/p>\n\n\n\n<p>Adem\u00e1s, tambi\u00e9n realiz\u00f3 un pedido de disculpas por medio de sus redes sociales:\u00a0\u201cno fue mi intenci\u00f3n hacer da\u00f1o de ning\u00fan tipo a Lamine Yamal, a la gente del FC Barcelona, a los jugadores, a la UEFA, ni a la plataforma Movistar Plus+ en donde trabajo. Al hacer mi comentario\u00a0eleg\u00ed hacer un chiste sobre la calidad y halagar las virtudes, en ning\u00fan caso fue sobre ninguna etnia ni clase social\u201d.<\/p>\n","protected":false},"excerpt":{"rendered":"<p>La cadena decidi\u00f3 dejar de trabajar con el ex arquero tras sus fuertes declaraciones sobre el jugador del Barcelona en la previa al partido con el PSG Germ\u00e1n Burgos\u00a0se volvi\u00f3 viral en las \u00faltimas horas debido a un dur\u00edsimo comentario racista contra\u00a0Lamine Yamal, jugador del\u00a0Barcelona, en la previa al partido contra el\u00a0Paris Saint-Germain\u00a0por los cuartos [&hellip;]<\/p>\n","protected":false},"author":2,"featured_media":3099,"comment_status":"open","ping_status":"open","sticky":false,"template":"","format":"standard","meta":{"footnotes":""},"categories":[14],"tags":[],"_links":{"self":[{"href":"https:\/\/enlamira.info\/index.php\/wp-json\/wp\/v2\/posts\/3097"}],"collection":[{"href":"https:\/\/enlamira.info\/index.php\/wp-json\/wp\/v2\/posts"}],"about":[{"href":"https:\/\/enlamira.info\/index.php\/wp-json\/wp\/v2\/types\/post"}],"author":[{"embeddable":true,"href":"https:\/\/enlamira.info\/index.php\/wp-json\/wp\/v2\/users\/2"}],"replies":[{"embeddable":true,"href":"https:\/\/enlamira.info\/index.php\/wp-json\/wp\/v2\/comments?post=3097"}],"version-history":[{"count":2,"href":"https:\/\/enlamira.info\/index.php\/wp-json\/wp\/v2\/posts\/3097\/revisions"}],"predecessor-version":[{"id":3100,"href":"https:\/\/enlamira.info\/index.php\/wp-json\/wp\/v2\/posts\/3097\/revisions\/3100"}],"wp:featuredmedia":[{"embeddable":true,"href":"https:\/\/enlamira.info\/index.php\/wp-json\/wp\/v2\/media\/3099"}],"wp:attachment":[{"href":"https:\/\/enlamira.info\/index.php\/wp-json\/wp\/v2\/media?parent=3097"}],"wp:term":[{"taxonomy":"category","embeddable":true,"href":"https:\/\/enlamira.info\/index.php\/wp-json\/wp\/v2\/categories?post=3097"},{"taxonomy":"post_tag","embeddable":true,"href":"https:\/\/enlamira.info\/index.php\/wp-json\/wp\/v2\/tags?post=3097"}],"curies":[{"name":"wp","href":"https:\/\/api.w.org\/{rel}","templated":true}]}}