{"id":3094,"date":"2024-04-11T11:33:10","date_gmt":"2024-04-11T14:33:10","guid":{"rendered":"https:\/\/enlamira.info\/?p=3094"},"modified":"2024-04-11T20:44:21","modified_gmt":"2024-04-11T23:44:21","slug":"macaya-marquez-volvio-a-comentar-en-tv-a-los-89-anos-y-se-emociono-al-recibir-un-reconocimiento-el-sentimiento-es-la-pelota","status":"publish","type":"post","link":"https:\/\/enlamira.info\/index.php\/2024\/04\/11\/macaya-marquez-volvio-a-comentar-en-tv-a-los-89-anos-y-se-emociono-al-recibir-un-reconocimiento-el-sentimiento-es-la-pelota\/","title":{"rendered":"Macaya M\u00e1rquez volvi\u00f3 a comentar en TV a los 89 a\u00f1os y se emocion\u00f3 al recibir un reconocimiento: \u201cEl sentimiento es la pelota\u201d"},"content":{"rendered":"\n<p>El legendario periodista se puso al frente del an\u00e1lisis del duelo entre Racing y Red Bull Bragantino, por la Copa Sudamericana<\/p>\n\n\n\n<p>El choque en el Cilindro de Avellaneda entre\u00a0Racing\u00a0y\u00a0Red Bull Bragantino, por la segunda fecha del Grupo H de la\u00a0Copa Sudamericana,ofreci\u00f3 un condimento especial, pero no sobre el campo de juego, donde se desarrolla la acci\u00f3n, sino a la altura de las cabinas. Es que en la transmisi\u00f3n de la se\u00f1al\u00a0<em>DSports<\/em>,\u00a0Enrique Macaya M\u00e1rquez volvi\u00f3 a comentar un partido por TV a los 89 a\u00f1os. La \u00faltima vez que hab\u00eda analizado un cotejo en la pantalla hab\u00eda sido en 2018, en ocasi\u00f3n de la final del Mundial de Rusia que Francia le gan\u00f3 a Croacia.<\/p>\n\n\n\n<p>En consecuencia, el legendario periodista, que cubri\u00f3 17 Copas del Mundo -desde Suecia 58 en adelante-, una gesta que s\u00f3lo \u00e9l puede ostentar y que termin\u00f3 siendo motivo de homenaje por parte de la FIFA, tambi\u00e9n fue reconocido en el hogar de La Academia. Acompa\u00f1ado por el relator\u00a0Gustavo Kuffner, recibi\u00f3 en su espacio de trabajo a la dirigencia del club local, encabezada por el vicepresidente\u00a0Alfredo Chiodini, el secretario general\u00a0Christian Devia\u00a0y\u00a0Barbie Blanco, para disfrutar de su momento y ser destacado con una plaqueta.<\/p>\n\n\n\n<p>\u201cPara nosotros es un orgullo y un placer poder entregarte un reconocimiento a tu carrera, que es tan exitosa. Este es el presente que te obsequia Racing\u201d, prolog\u00f3 Chiodini, antes de que el narrador leyera lo que dec\u00eda.\u00a0\u201cPor su destacada carrera profesional, ejemplar desempe\u00f1o, y su condici\u00f3nde referente de generaciones de periodistas\u201d, rez\u00f3 la plaqueta en cuesti\u00f3n, con el escudo de la entidad.<\/p>\n\n\n\n<p>\u201cLa \u00faltima distinci\u00f3n la obtuve en el Mundial, por parte de la FIFA, y Racing est\u00e1 anotado, como se anot\u00f3 siempre. Reci\u00e9n est\u00e1bamos recordando los partidos que quedaron grabados en mi vida. Y me olvid\u00e9 de hacer menci\u00f3n a uno, muy importante, en el estadio Centenario. el gol del Chango (C\u00e1rdenas). Yo estaba adentro de la cancha\u201d, abri\u00f3 Macaya el tesoro de sus memorias e hizo alusi\u00f3n al tanto del delantero ante el Celtic de Escocia, que consagr\u00f3 al conjunto de Avellaneda como campe\u00f3n de la Copa Intercontinental en 1967.<\/p>\n\n\n\n<p>\u201cLes agradezco mucho, han sido muy amables,\u00a0para m\u00ed el sentimiento es la pelota, es el f\u00fatbol. Para m\u00ed esto es muy especial, y el reconocimiento me llena de orgullo\u201d, concluy\u00f3, siempre en su cl\u00e1sico tono formal, pero con la voz embargada por la emoci\u00f3n.<\/p>\n\n\n\n<p>\u201cSiempre sos bienvenido Macaya, estamos felices de tenerte y que est\u00e9s ac\u00e1 con nosotros\u201d, cerr\u00f3 Barbie Blanco, hija de V\u00edctor, presidente del club y adem\u00e1s secretaria de la instituci\u00f3n.<\/p>\n\n\n\n<p><a href=\"https:\/\/www.infobae.com\/deportes\/2024\/04\/11\/el-mono-burgos-se-disculpo-tras-ser-acusado-de-racista-por-un-comentario-contra-un-jugador-del-barcelona\/\" target=\"_blank\" rel=\"noreferrer noopener\"><\/a><\/p>\n\n\n\n<p><a href=\"https:\/\/www.infobae.com\/deportes\/2024\/04\/10\/un-campeon-de-formula-1-subastara-un-lujoso-y-exclusivo-auto-hay-solo-7-en-el-mundo-y-tiene-un-impresionante-valor\/\" target=\"_blank\" rel=\"noreferrer noopener\"><\/a><\/p>\n\n\n\n<p><a href=\"https:\/\/www.infobae.com\/deportes\/2024\/04\/11\/ausente-y-lider-aburrido-las-criticas-de-los-medios-en-francia-a-mbappe-tras-la-derrota-del-psg-frente-al-barcelona\/\" target=\"_blank\" rel=\"noreferrer noopener\"><\/a><\/p>\n","protected":false},"excerpt":{"rendered":"<p>El legendario periodista se puso al frente del an\u00e1lisis del duelo entre Racing y Red Bull Bragantino, por la Copa Sudamericana El choque en el Cilindro de Avellaneda entre\u00a0Racing\u00a0y\u00a0Red Bull Bragantino, por la segunda fecha del Grupo H de la\u00a0Copa Sudamericana,ofreci\u00f3 un condimento especial, pero no sobre el campo de juego, donde se desarrolla la [&hellip;]<\/p>\n","protected":false},"author":2,"featured_media":3096,"comment_status":"open","ping_status":"open","sticky":false,"template":"","format":"standard","meta":{"footnotes":""},"categories":[14],"tags":[],"_links":{"self":[{"href":"https:\/\/enlamira.info\/index.php\/wp-json\/wp\/v2\/posts\/3094"}],"collection":[{"href":"https:\/\/enlamira.info\/index.php\/wp-json\/wp\/v2\/posts"}],"about":[{"href":"https:\/\/enlamira.info\/index.php\/wp-json\/wp\/v2\/types\/post"}],"author":[{"embeddable":true,"href":"https:\/\/enlamira.info\/index.php\/wp-json\/wp\/v2\/users\/2"}],"replies":[{"embeddable":true,"href":"https:\/\/enlamira.info\/index.php\/wp-json\/wp\/v2\/comments?post=3094"}],"version-history":[{"count":1,"href":"https:\/\/enlamira.info\/index.php\/wp-json\/wp\/v2\/posts\/3094\/revisions"}],"predecessor-version":[{"id":3095,"href":"https:\/\/enlamira.info\/index.php\/wp-json\/wp\/v2\/posts\/3094\/revisions\/3095"}],"wp:featuredmedia":[{"embeddable":true,"href":"https:\/\/enlamira.info\/index.php\/wp-json\/wp\/v2\/media\/3096"}],"wp:attachment":[{"href":"https:\/\/enlamira.info\/index.php\/wp-json\/wp\/v2\/media?parent=3094"}],"wp:term":[{"taxonomy":"category","embeddable":true,"href":"https:\/\/enlamira.info\/index.php\/wp-json\/wp\/v2\/categories?post=3094"},{"taxonomy":"post_tag","embeddable":true,"href":"https:\/\/enlamira.info\/index.php\/wp-json\/wp\/v2\/tags?post=3094"}],"curies":[{"name":"wp","href":"https:\/\/api.w.org\/{rel}","templated":true}]}}