{"id":3062,"date":"2024-04-10T11:42:37","date_gmt":"2024-04-10T14:42:37","guid":{"rendered":"https:\/\/enlamira.info\/?p=3062"},"modified":"2024-04-10T11:53:34","modified_gmt":"2024-04-10T14:53:34","slug":"pichetto-defendio-la-nueva-ley-omnibus-es-una-caja-de-herramientas-en-un-contexto-de-crisis","status":"publish","type":"post","link":"https:\/\/enlamira.info\/index.php\/2024\/04\/10\/pichetto-defendio-la-nueva-ley-omnibus-es-una-caja-de-herramientas-en-un-contexto-de-crisis\/","title":{"rendered":"Pichetto defendi\u00f3 la nueva Ley \u00d3mnibus: \u201cEs una caja de herramientas en un contexto de crisis\u201d"},"content":{"rendered":"\n<p>El legislador dialoguista sostuvo que se contempl\u00f3 el di\u00e1logo con los gobernadores y afirm\u00f3 que puede ser aprobada. El Gobierno busca empezar a tratar el nuevo texto en comisi\u00f3n la semana que viene.<\/p>\n\n\n\n<p>Luego de ser\u00a0rechazada su primera versi\u00f3n\u00a0por el Congreso,\u00a0el Gobierno termin\u00f3 el nuevo texto de la Ley \u00d3mnibus\u00a0y el diputado y jefe de bloque de Hacemos Coalici\u00f3n Federal,\u00a0Miguel \u00c1ngel Pichetto\u00a0defendi\u00f3 el actual paquete.<\/p>\n\n\n\n<p>\u201cCreo que va a salir. Hemos tenido un\u00a0intercambio muy fruct\u00edfero\u00a0con el ministro del Interior,\u00a0Guillermo Francos, con el jefe de Gabinete\u00a0Nicol\u00e1s Posse\u00a0y\u00a0Santiago Caputo\u201c, afirm\u00f3 el legislador.<\/p>\n\n\n\n<p>Y continu\u00f3: \u201cSe levant\u00f3 el piso de Ganancias a $1.800.000 y se excluye al trabajador en pozo petrolero.\u00a0Creo que se contempl\u00f3 el di\u00e1logo con los gobernadores.\u00a0Hay una moratoria, hay blanqueo, est\u00e1 bienes personales\u201d.<\/p>\n\n\n\n<p>Respecto de temas que generaron mayor rispidez, el diputado coment\u00f3: \u201cSe han quitado de la ley los temas de mayor conflictividad, como la reforma del C\u00f3digo Civil, la Ley de Pesca. Es una versi\u00f3n acotada de la Ley original\u201d.<\/p>\n\n\n\n<p>\u201cHay facultades delegadas acotadas y solo por un a\u00f1o. Las han tenido todos. Emergencia econ\u00f3mica y facultades delegadas son las que le otorga el Congreso para actuar con rapidez en el proceso de ordenamiento econ\u00f3mico y financiero\u201d, a\u00f1adi\u00f3.<\/p>\n\n\n\n<p>En di\u00e1logo con TN, explic\u00f3: \u201cEs una caja de herramientas para que el Gobierno pueda gobernar en un contexto de crisis, para tratar de\u00a0frenar la inflaci\u00f3n. En un momento de descalce entre alimentos, prepagas, todo est\u00e1 volando. Es imprescindible que funcionen las paritarias. Aumentaron los precios por encima de lo que ocurre en Miami, con sueldos de republiqueta centroamericana\u201d.<\/p>\n\n\n\n<p>Otro de los puntos que despertaron mayor preocupaci\u00f3n en la oposici\u00f3n fue el de las\u00a0privatizaciones. \u201cEstoy de acuerdo en una visi\u00f3n general con las privatizaciones. Las empresas p\u00fablicas pierden en general 6.000 millones de d\u00f3lares anuales.\u00a0Tal vez haya que ir a un modelo de sociedad mixta. Yo creo en una estructura no tan r\u00edgida como en los \u201890\u2033, sostuvo el legislador.<\/p>\n\n\n\n<p>Tambi\u00e9n tuvo duras cr\u00edticas para con el exmandatario\u00a0Alberto Fern\u00e1ndez: \u201cTuvo la suma del poder p\u00fablico. Le permiti\u00f3 suprimir la f\u00f3rmula previsional, que hab\u00eda sido votada por ley. Que era una f\u00f3rmula muy potente, con eso se manten\u00eda el poder adquisitivo del jubilado en una Argentina inflacionaria.\u00a0Esa decisi\u00f3n se comi\u00f3 m\u00e1s del 40% de la jubilaci\u00f3n de los argentinos\u201c.<\/p>\n","protected":false},"excerpt":{"rendered":"<p>El legislador dialoguista sostuvo que se contempl\u00f3 el di\u00e1logo con los gobernadores y afirm\u00f3 que puede ser aprobada. El Gobierno busca empezar a tratar el nuevo texto en comisi\u00f3n la semana que viene. Luego de ser\u00a0rechazada su primera versi\u00f3n\u00a0por el Congreso,\u00a0el Gobierno termin\u00f3 el nuevo texto de la Ley \u00d3mnibus\u00a0y el diputado y jefe de [&hellip;]<\/p>\n","protected":false},"author":2,"featured_media":3065,"comment_status":"open","ping_status":"open","sticky":false,"template":"","format":"standard","meta":{"footnotes":""},"categories":[20],"tags":[],"_links":{"self":[{"href":"https:\/\/enlamira.info\/index.php\/wp-json\/wp\/v2\/posts\/3062"}],"collection":[{"href":"https:\/\/enlamira.info\/index.php\/wp-json\/wp\/v2\/posts"}],"about":[{"href":"https:\/\/enlamira.info\/index.php\/wp-json\/wp\/v2\/types\/post"}],"author":[{"embeddable":true,"href":"https:\/\/enlamira.info\/index.php\/wp-json\/wp\/v2\/users\/2"}],"replies":[{"embeddable":true,"href":"https:\/\/enlamira.info\/index.php\/wp-json\/wp\/v2\/comments?post=3062"}],"version-history":[{"count":1,"href":"https:\/\/enlamira.info\/index.php\/wp-json\/wp\/v2\/posts\/3062\/revisions"}],"predecessor-version":[{"id":3063,"href":"https:\/\/enlamira.info\/index.php\/wp-json\/wp\/v2\/posts\/3062\/revisions\/3063"}],"wp:featuredmedia":[{"embeddable":true,"href":"https:\/\/enlamira.info\/index.php\/wp-json\/wp\/v2\/media\/3065"}],"wp:attachment":[{"href":"https:\/\/enlamira.info\/index.php\/wp-json\/wp\/v2\/media?parent=3062"}],"wp:term":[{"taxonomy":"category","embeddable":true,"href":"https:\/\/enlamira.info\/index.php\/wp-json\/wp\/v2\/categories?post=3062"},{"taxonomy":"post_tag","embeddable":true,"href":"https:\/\/enlamira.info\/index.php\/wp-json\/wp\/v2\/tags?post=3062"}],"curies":[{"name":"wp","href":"https:\/\/api.w.org\/{rel}","templated":true}]}}