{"id":3043,"date":"2024-04-10T11:37:30","date_gmt":"2024-04-10T14:37:30","guid":{"rendered":"https:\/\/enlamira.info\/?p=3043"},"modified":"2024-04-10T11:58:13","modified_gmt":"2024-04-10T14:58:13","slug":"milei-contra-el-periodismo-se-han-acostumbrado-a-que-deben-ser-tratados-como-profetas-de-la-verdad","status":"publish","type":"post","link":"https:\/\/enlamira.info\/index.php\/2024\/04\/10\/milei-contra-el-periodismo-se-han-acostumbrado-a-que-deben-ser-tratados-como-profetas-de-la-verdad\/","title":{"rendered":"Milei contra el periodismo: \u201cSe han acostumbrado a que deben ser tratados como profetas de la verdad\u201d"},"content":{"rendered":"\n<p>En pleno viaje a los Estados Unidos, donde arrib\u00f3 este mi\u00e9rcoles por la ma\u00f1ana, el Presidente public\u00f3 un mensaje con duras acusaciones hacia los medios.<\/p>\n\n\n\n<p>Luego de partir el martes de la Argentina a las 23.30 de la noche, el presidente\u00a0Javier Milei arrib\u00f3 a Miami, Estados Unidos, para\u00a0recibir un reconocimiento\u00a0y luego\u00a0reunirse con el empresario\u00a0Elon Musk.<\/p>\n\n\n\n<p>Apenas pisado suelo norteamericano,\u00a0el mandatario lanz\u00f3 un duro mensaje\u00a0en su cuenta de X donde\u00a0volvi\u00f3 a criticar al periodismo.<\/p>\n\n\n\n<p>En un texto titulado \u201cLibertad de expresi\u00f3n. Para Todos\u201d, Milei sostuvo: \u201cHace algunos d\u00edas cuando recibimos a la General Richardson en Buenos Aires aprovechamos la oportunidad para presentar una nueva\u00a0Doctrina de Pol\u00edtica Exterior para la Argentina. Durante esa presentaci\u00f3n dijimos que parte de nuestra visi\u00f3n es que creemos en una verdadera libertad de expresi\u00f3n. Pero para todos. No solamente para algunos.\u201d<\/p>\n\n\n\n<p>Y continu\u00f3: \u201cEl periodismo se ha acostumbrado, a lo largo de las \u00faltimas d\u00e9cadas,\u00a0a que deben ser tratados como profetas de la verdad \u00fanica e incontrastable, a los que no se puede criticar, ni desmentir, ni corregir. Si alguien osa cometer esa imprudencia, es castigado al un\u00edsono por todos los miembros de la corporaci\u00f3n y sus agrupaciones\u201d.<\/p>\n\n\n\n<p>\u201cLa extorsi\u00f3n es moneda corriente. La mentira, la difamaci\u00f3n, la calumnia son algo frecuente tambi\u00e9n. Primero te pegan, y despu\u00e9s te pasan la factura\u201d, agreg\u00f3.<\/p>\n\n\n\n<p>\u201cEl problema de muchos periodistas con los que integramos La Libertad Avanza es que no le debemos nada a nadie. No tenemos negocios con nadie. Y no nos vamos a quedar callados frente a las operaciones, la mentira, la calumnia, la injuria o la difamaci\u00f3n. Vamos a contestar. Vamos a decir nuestra verdad. Vamos a bajarlos de esa Torre de Marfil en la que creen que viven. Porque libertad de expresi\u00f3n significa que nadie puede evitar que hablemos.\u00a0Ni siquiera los sagrados periodistas\u201d, concluy\u00f3.<\/p>\n\n\n\n<h3 class=\"wp-block-heading\">El viaje del Presidente<\/h3>\n\n\n\n<p>A las 8.40, el vuelo comercial que llevaba al mandatario aterriz\u00f3 en la ciudad estadounidense. Milei desayun\u00f3 en el avi\u00f3n junto a su hermana y secretaria General de la Presidencia, Karina Milei, tras descasar durante el viaje.<\/p>\n\n\n\n<p>Al ingresar al avi\u00f3n de Aerol\u00edneas Argentina, el Presidente pregunt\u00f3 a los pasajeros:\u00a0\u201c\u00bfC\u00f3mo andan?\u201d. \u201cNo me afloj\u00e9\u201d, le grit\u00f3 una pasajera que aplaud\u00eda. Seg\u00fan consign\u00f3 Infobae, la respuesta de Milei fue:\u00a0\u201cNo voy a aflojar, no est\u00e1 en mi naturaleza\u201d.<\/p>\n\n\n\n<figure class=\"wp-block-embed is-type-rich is-provider-twitter wp-block-embed-twitter\"><div class=\"wp-block-embed__wrapper\">\n<blockquote class=\"twitter-tweet\" data-width=\"550\" data-dnt=\"true\"><p lang=\"es\" dir=\"ltr\">El presi m\u00e1s querido del mundo <a href=\"https:\/\/t.co\/dX1pLIy6AM\">pic.twitter.com\/dX1pLIy6AM<\/a><\/p>&mdash; Santiago Or\u00eda (@Santiago_Oria) <a href=\"https:\/\/twitter.com\/Santiago_Oria\/status\/1778030208177590497?ref_src=twsrc%5Etfw\">April 10, 2024<\/a><\/blockquote><script async src=\"https:\/\/platform.twitter.com\/widgets.js\" charset=\"utf-8\"><\/script>\n<\/div><\/figure>\n\n\n\n<p>Es la tercera vez que el mandatario se dirige a los Estados Unidos durante su gesti\u00f3n. Esta vez, recibir\u00e1 un reconocimiento de parte de un sector de la comunidad jud\u00eda que lo nombr\u00f3\u00a0\u201cEmbajador Internacional de la Luz\u201d.<\/p>\n\n\n\n<h3 class=\"wp-block-heading\">La agenda presidencial<\/h3>\n\n\n\n<p>El evento tendr\u00e1 lugar\u00a0esta noche\u00a0y el jueves se reunir\u00e1 con\u00a0Ilan Goldfajn, titular del Banco Interamericano de Desarrollo (BID) y disertar\u00e1 en el Instituto de Pol\u00edticas P\u00fablicas Jack Gordon de la Universidad Internacional de Florida.<\/p>\n\n\n\n<p>El viernes, ya en Texas,\u00a0visitar\u00e1 la f\u00e1brica de Tesla\u00a0y se reunir\u00e1 con su due\u00f1o,\u00a0el empresario Elon Musk, con quien ya mantuvo conversaciones telef\u00f3nicas.<\/p>\n\n\n\n<p>Una vez terminada su visita a los Estados Unidos, Milei y su comitiva se dirigir\u00e1n el s\u00e1bado por la tarde a\u00a0Dinamarca, donde habr\u00e1 un encuentro con la premier\u00a0Mette Frederiksen\u00a0y se firmar\u00e1 un\u00a0contrato por 24 aviones F16\u00a0que ser\u00e1n destinados a la Fuerza A\u00e9rea Argentina. En el evento,\u00a0est\u00e1 previsto que el Presidente vuele en una de las naves\u00a0durante una demostraci\u00f3n que se llevar\u00e1 a cabo el lunes.<\/p>\n\n\n\n<p>Tras ello, esta previsto el regreso a Buenos Aires en un vuelo comercial.<\/p>\n","protected":false},"excerpt":{"rendered":"<p>En pleno viaje a los Estados Unidos, donde arrib\u00f3 este mi\u00e9rcoles por la ma\u00f1ana, el Presidente public\u00f3 un mensaje con duras acusaciones hacia los medios. Luego de partir el martes de la Argentina a las 23.30 de la noche, el presidente\u00a0Javier Milei arrib\u00f3 a Miami, Estados Unidos, para\u00a0recibir un reconocimiento\u00a0y luego\u00a0reunirse con el empresario\u00a0Elon Musk. [&hellip;]<\/p>\n","protected":false},"author":2,"featured_media":3045,"comment_status":"open","ping_status":"open","sticky":false,"template":"","format":"standard","meta":{"footnotes":""},"categories":[20],"tags":[],"_links":{"self":[{"href":"https:\/\/enlamira.info\/index.php\/wp-json\/wp\/v2\/posts\/3043"}],"collection":[{"href":"https:\/\/enlamira.info\/index.php\/wp-json\/wp\/v2\/posts"}],"about":[{"href":"https:\/\/enlamira.info\/index.php\/wp-json\/wp\/v2\/types\/post"}],"author":[{"embeddable":true,"href":"https:\/\/enlamira.info\/index.php\/wp-json\/wp\/v2\/users\/2"}],"replies":[{"embeddable":true,"href":"https:\/\/enlamira.info\/index.php\/wp-json\/wp\/v2\/comments?post=3043"}],"version-history":[{"count":1,"href":"https:\/\/enlamira.info\/index.php\/wp-json\/wp\/v2\/posts\/3043\/revisions"}],"predecessor-version":[{"id":3044,"href":"https:\/\/enlamira.info\/index.php\/wp-json\/wp\/v2\/posts\/3043\/revisions\/3044"}],"wp:featuredmedia":[{"embeddable":true,"href":"https:\/\/enlamira.info\/index.php\/wp-json\/wp\/v2\/media\/3045"}],"wp:attachment":[{"href":"https:\/\/enlamira.info\/index.php\/wp-json\/wp\/v2\/media?parent=3043"}],"wp:term":[{"taxonomy":"category","embeddable":true,"href":"https:\/\/enlamira.info\/index.php\/wp-json\/wp\/v2\/categories?post=3043"},{"taxonomy":"post_tag","embeddable":true,"href":"https:\/\/enlamira.info\/index.php\/wp-json\/wp\/v2\/tags?post=3043"}],"curies":[{"name":"wp","href":"https:\/\/api.w.org\/{rel}","templated":true}]}}