{"id":3031,"date":"2024-04-10T11:33:01","date_gmt":"2024-04-10T14:33:01","guid":{"rendered":"https:\/\/enlamira.info\/?p=3031"},"modified":"2024-04-10T12:02:13","modified_gmt":"2024-04-10T15:02:13","slug":"viral-la-escandalosa-jugada-en-arsenal-bayern-munich-que-el-arbitro-no-cobro-por-error-infantil","status":"publish","type":"post","link":"https:\/\/enlamira.info\/index.php\/2024\/04\/10\/viral-la-escandalosa-jugada-en-arsenal-bayern-munich-que-el-arbitro-no-cobro-por-error-infantil\/","title":{"rendered":"Viral: la escandalosa jugada en Arsenal-Bayern M\u00fanich que el \u00e1rbitro no cobr\u00f3 por \u201cerror infantil\u201d"},"content":{"rendered":"\n<p>En M\u00fanich, y sobre todo Thomas Tuchel, est\u00e1n indignados con la excusa del juez.<\/p>\n\n\n\n<p>La jugada en la \u00e9lite del f\u00fatbol europeo que fue tan ins\u00f3lita que se volvi\u00f3 viral:\u00a0Raya puso la pelota en juego y el defensor Gabriel Magalhaes la toc\u00f3 con la mano para volver a sacar del arco.<\/p>\n\n\n\n<p>Sucedi\u00f3 en la ida de los cuartos de final de la Champions League en el Emirates Stadium.<\/p>\n\n\n\n<p>La acci\u00f3n era\u00a0penal para el Bayer M\u00fanich\u00a0aunque no fue cobrado y, claramente, en Baviera est\u00e1n indignados con el \u00e1rbitro Glenn Nyberg.<\/p>\n\n\n\n<p>El t\u00e9cnico Thomas Tuchel puso el grito en el cielo tras el empate 2-2 de su equipo con el Arsenal:\u00a0\u201cEl \u00e1rbitro cometi\u00f3 un error garrafal, hubo penalti por mano\u201d.<\/p>\n\n\n\n<p>\u201cS\u00e9 que fue una situaci\u00f3n loca. Le bajan el bal\u00f3n, \u00e9l pita y el defensor toma el bal\u00f3n con las manos\u201d, agreg\u00f3 el alem\u00e1n.<\/p>\n\n\n\n<figure class=\"wp-block-embed is-type-rich is-provider-twitter wp-block-embed-twitter\"><div class=\"wp-block-embed__wrapper\">\n<blockquote class=\"twitter-tweet\" data-width=\"550\" data-dnt=\"true\"><p lang=\"es\" dir=\"ltr\">\u00a1ATENCI\u00d3N A ESTE DETALLE! Esta es la jugada que est\u00e1 encendiendo el enojo de todos los b\u00e1varos en Alemania: Gabriel Magalhaes agarr\u00f3 la pelota dentro del \u00e1rea cuando ya estaba en juego. <br><br>\ud83d\udcfa Toda la <a href=\"https:\/\/twitter.com\/hashtag\/UCL?src=hash&amp;ref_src=twsrc%5Etfw\">#UCL<\/a> por <a href=\"https:\/\/twitter.com\/hashtag\/StarPlusLA?src=hash&amp;ref_src=twsrc%5Etfw\">#StarPlusLA<\/a> | <a href=\"https:\/\/twitter.com\/hashtag\/CHAMPIONSxESPN?src=hash&amp;ref_src=twsrc%5Etfw\">#CHAMPIONSxESPN<\/a> <a href=\"https:\/\/t.co\/Yagz7mjTmU\">pic.twitter.com\/Yagz7mjTmU<\/a><\/p>&mdash; SportsCenter (@SC_ESPN) <a href=\"https:\/\/twitter.com\/SC_ESPN\/status\/1777841372218732818?ref_src=twsrc%5Etfw\">April 9, 2024<\/a><\/blockquote><script async src=\"https:\/\/platform.twitter.com\/widgets.js\" charset=\"utf-8\"><\/script>\n<\/div><\/figure>\n\n\n\n<p>La excusa del juez para no cobrar el penal en Londres:\u00a0\u201cLo que realmente nos enoja es la explicaci\u00f3n en el campo. Les dijo a nuestros jugadores que fue un \u2018error infantil\u2019 y que no sancionar\u00e1 por eso en los cuartos de final de la Liga de Campeones.\u00a0Es una explicaci\u00f3n horrible, horrible. Error de ni\u00f1o, error de adulto, lo que sea, nos sentimos enojados porque fue una decisi\u00f3n enorme en nuestra contra\u201d.<\/p>\n","protected":false},"excerpt":{"rendered":"<p>En M\u00fanich, y sobre todo Thomas Tuchel, est\u00e1n indignados con la excusa del juez. La jugada en la \u00e9lite del f\u00fatbol europeo que fue tan ins\u00f3lita que se volvi\u00f3 viral:\u00a0Raya puso la pelota en juego y el defensor Gabriel Magalhaes la toc\u00f3 con la mano para volver a sacar del arco. Sucedi\u00f3 en la ida [&hellip;]<\/p>\n","protected":false},"author":2,"featured_media":3034,"comment_status":"open","ping_status":"open","sticky":false,"template":"","format":"standard","meta":{"footnotes":""},"categories":[14],"tags":[],"_links":{"self":[{"href":"https:\/\/enlamira.info\/index.php\/wp-json\/wp\/v2\/posts\/3031"}],"collection":[{"href":"https:\/\/enlamira.info\/index.php\/wp-json\/wp\/v2\/posts"}],"about":[{"href":"https:\/\/enlamira.info\/index.php\/wp-json\/wp\/v2\/types\/post"}],"author":[{"embeddable":true,"href":"https:\/\/enlamira.info\/index.php\/wp-json\/wp\/v2\/users\/2"}],"replies":[{"embeddable":true,"href":"https:\/\/enlamira.info\/index.php\/wp-json\/wp\/v2\/comments?post=3031"}],"version-history":[{"count":1,"href":"https:\/\/enlamira.info\/index.php\/wp-json\/wp\/v2\/posts\/3031\/revisions"}],"predecessor-version":[{"id":3032,"href":"https:\/\/enlamira.info\/index.php\/wp-json\/wp\/v2\/posts\/3031\/revisions\/3032"}],"wp:featuredmedia":[{"embeddable":true,"href":"https:\/\/enlamira.info\/index.php\/wp-json\/wp\/v2\/media\/3034"}],"wp:attachment":[{"href":"https:\/\/enlamira.info\/index.php\/wp-json\/wp\/v2\/media?parent=3031"}],"wp:term":[{"taxonomy":"category","embeddable":true,"href":"https:\/\/enlamira.info\/index.php\/wp-json\/wp\/v2\/categories?post=3031"},{"taxonomy":"post_tag","embeddable":true,"href":"https:\/\/enlamira.info\/index.php\/wp-json\/wp\/v2\/tags?post=3031"}],"curies":[{"name":"wp","href":"https:\/\/api.w.org\/{rel}","templated":true}]}}