{"id":3026,"date":"2024-04-10T11:31:57","date_gmt":"2024-04-10T14:31:57","guid":{"rendered":"https:\/\/enlamira.info\/?p=3026"},"modified":"2024-04-10T12:03:04","modified_gmt":"2024-04-10T15:03:04","slug":"juanfer-quintero-se-fue-de-urgencia-a-colombia-que-paso","status":"publish","type":"post","link":"https:\/\/enlamira.info\/index.php\/2024\/04\/10\/juanfer-quintero-se-fue-de-urgencia-a-colombia-que-paso\/","title":{"rendered":"Juanfer Quintero se fue de urgencia a Colombia: \u00bfqu\u00e9 pas\u00f3?"},"content":{"rendered":"\n<p>La Academia pierde al enganche para el encuentro de Copa Sudamericana.<\/p>\n\n\n\n<p>Racing sufri\u00f3 una dura baja de \u00faltimo momento para el encuentro de Copa Sudamericana de este mi\u00e9rcoles: Juan Fernando Quintero\u00a0no ser\u00e1 de la partida.<\/p>\n\n\n\n<p>Juanfer\u00a0se fue de urgencia a Colombia\u00a0en las \u00faltimas horas con el permiso de la dirigencia y el cuerpo t\u00e9cnico, \u00bfqu\u00e9 pas\u00f3?<\/p>\n\n\n\n<p>El colombiano tuvo una\u00a0emergencia personal\u00a0de \u00faltima hora que lo oblig\u00f3 a viajar a\u00a0Medell\u00edn. Desde el club no ahondaron en m\u00e1s detalles.<\/p>\n\n\n\n<p>Gustavo Costas ya sabe que no contar\u00e1 con Quintero para ma\u00f1ana mi\u00e9rcoles recibir en el Cilindro de Avellaneda a Red Bull Bragantino.<\/p>\n\n\n\n<h3 class=\"wp-block-heading\">El pedido de Juanfer en redes<\/h3>\n\n\n\n<p>Este mediod\u00eda, Quintero le hizo un pedido en su Instagram a sus seguidores de Colombia: \u201cBuen d\u00eda. Necesitamos donantes de sangre A+ en el banco de sangre del hospital Pablo Tob\u00f3n Uribe. Muchas gracias. Es algo urgente\u201d.<\/p>\n\n\n\n<figure class=\"wp-block-image size-large\"><img loading=\"lazy\" decoding=\"async\" width=\"768\" height=\"1024\" src=\"https:\/\/enlamira.info\/wp-content\/uploads\/2024\/04\/image-11-768x1024.png\" alt=\"\" class=\"wp-image-3027\" srcset=\"https:\/\/enlamira.info\/wp-content\/uploads\/2024\/04\/image-11-768x1024.png 768w, https:\/\/enlamira.info\/wp-content\/uploads\/2024\/04\/image-11-225x300.png 225w, https:\/\/enlamira.info\/wp-content\/uploads\/2024\/04\/image-11-1152x1536.png 1152w, https:\/\/enlamira.info\/wp-content\/uploads\/2024\/04\/image-11.png 1200w\" sizes=\"(max-width: 768px) 100vw, 768px\" \/><\/figure>\n","protected":false},"excerpt":{"rendered":"<p>La Academia pierde al enganche para el encuentro de Copa Sudamericana. Racing sufri\u00f3 una dura baja de \u00faltimo momento para el encuentro de Copa Sudamericana de este mi\u00e9rcoles: Juan Fernando Quintero\u00a0no ser\u00e1 de la partida. Juanfer\u00a0se fue de urgencia a Colombia\u00a0en las \u00faltimas horas con el permiso de la dirigencia y el cuerpo t\u00e9cnico, \u00bfqu\u00e9 [&hellip;]<\/p>\n","protected":false},"author":2,"featured_media":3029,"comment_status":"open","ping_status":"open","sticky":false,"template":"","format":"standard","meta":{"footnotes":""},"categories":[14],"tags":[],"_links":{"self":[{"href":"https:\/\/enlamira.info\/index.php\/wp-json\/wp\/v2\/posts\/3026"}],"collection":[{"href":"https:\/\/enlamira.info\/index.php\/wp-json\/wp\/v2\/posts"}],"about":[{"href":"https:\/\/enlamira.info\/index.php\/wp-json\/wp\/v2\/types\/post"}],"author":[{"embeddable":true,"href":"https:\/\/enlamira.info\/index.php\/wp-json\/wp\/v2\/users\/2"}],"replies":[{"embeddable":true,"href":"https:\/\/enlamira.info\/index.php\/wp-json\/wp\/v2\/comments?post=3026"}],"version-history":[{"count":1,"href":"https:\/\/enlamira.info\/index.php\/wp-json\/wp\/v2\/posts\/3026\/revisions"}],"predecessor-version":[{"id":3028,"href":"https:\/\/enlamira.info\/index.php\/wp-json\/wp\/v2\/posts\/3026\/revisions\/3028"}],"wp:featuredmedia":[{"embeddable":true,"href":"https:\/\/enlamira.info\/index.php\/wp-json\/wp\/v2\/media\/3029"}],"wp:attachment":[{"href":"https:\/\/enlamira.info\/index.php\/wp-json\/wp\/v2\/media?parent=3026"}],"wp:term":[{"taxonomy":"category","embeddable":true,"href":"https:\/\/enlamira.info\/index.php\/wp-json\/wp\/v2\/categories?post=3026"},{"taxonomy":"post_tag","embeddable":true,"href":"https:\/\/enlamira.info\/index.php\/wp-json\/wp\/v2\/tags?post=3026"}],"curies":[{"name":"wp","href":"https:\/\/api.w.org\/{rel}","templated":true}]}}