{"id":302,"date":"2024-03-05T16:54:26","date_gmt":"2024-03-05T19:54:26","guid":{"rendered":"https:\/\/enlamira.info\/?p=302"},"modified":"2024-03-05T17:44:25","modified_gmt":"2024-03-05T20:44:25","slug":"el-guino-de-german-cano-a-un-gigante-argentino-su-historia-es-importante","status":"publish","type":"post","link":"https:\/\/enlamira.info\/index.php\/2024\/03\/05\/el-guino-de-german-cano-a-un-gigante-argentino-su-historia-es-importante\/","title":{"rendered":"El gui\u00f1o de Germ\u00e1n Cano a un gigante argentino: \u201cSu historia es importante\u201d"},"content":{"rendered":"\n<p>El delantero del Fluminense, actual campe\u00f3n de la Copa Libertadores, destac\u00f3 la historia de un equipo local antes del comienzo de una nueva edici\u00f3n del certamen<\/p>\n\n\n\n<p>Germ\u00e1n Cano\u00a0es sin lugar a dudas, uno de los mejores y m\u00e1s determinantes jugadores del continente, lo cual demostr\u00f3 con su excelsa participaci\u00f3n en la\u00a0Copa Libertadores 2023, donde levant\u00f3 el trofeo con el\u00a0Fluminense.<\/p>\n\n\n\n<p>En las \u00faltimas horas, en la previa a un nuevo inicio del certamen, el delantero argentino fue consultado por la ausencia de Boca durante su paso por los micr\u00f3fonos de\u00a0D-Sports Radio:\u00a0\u201cEs uno de los equipos que merece estar en la Libertadores. Su historia y lo que representa es muy importante\u201d.<\/p>\n\n\n\n<p>Luego, se explay\u00f3 a\u00fan m\u00e1s sobre el tema:\u00a0\u201cLamentablemente este a\u00f1o no ser\u00e1 as\u00ed, pero siempre le deseo lo mejor porque tengo amigos y familiares que son muy hinchas de Boca\u201d<\/p>\n\n\n\n<p>Por \u00faltimo, tambi\u00e9n fue consultado por un posible regreso al f\u00fatbol argentino:\u00a0\u201cNo lo imagino, toda mi carrera la hice afuera del pa\u00eds. Ac\u00e1 en R\u00edo tengo una base, mi familia est\u00e1 feliz y estamos muy c\u00f3modos\u201d<\/p>\n","protected":false},"excerpt":{"rendered":"<p>El delantero del Fluminense, actual campe\u00f3n de la Copa Libertadores, destac\u00f3 la historia de un equipo local antes del comienzo de una nueva edici\u00f3n del certamen Germ\u00e1n Cano\u00a0es sin lugar a dudas, uno de los mejores y m\u00e1s determinantes jugadores del continente, lo cual demostr\u00f3 con su excelsa participaci\u00f3n en la\u00a0Copa Libertadores 2023, donde levant\u00f3 [&hellip;]<\/p>\n","protected":false},"author":2,"featured_media":304,"comment_status":"open","ping_status":"open","sticky":false,"template":"","format":"standard","meta":{"footnotes":""},"categories":[14],"tags":[],"_links":{"self":[{"href":"https:\/\/enlamira.info\/index.php\/wp-json\/wp\/v2\/posts\/302"}],"collection":[{"href":"https:\/\/enlamira.info\/index.php\/wp-json\/wp\/v2\/posts"}],"about":[{"href":"https:\/\/enlamira.info\/index.php\/wp-json\/wp\/v2\/types\/post"}],"author":[{"embeddable":true,"href":"https:\/\/enlamira.info\/index.php\/wp-json\/wp\/v2\/users\/2"}],"replies":[{"embeddable":true,"href":"https:\/\/enlamira.info\/index.php\/wp-json\/wp\/v2\/comments?post=302"}],"version-history":[{"count":2,"href":"https:\/\/enlamira.info\/index.php\/wp-json\/wp\/v2\/posts\/302\/revisions"}],"predecessor-version":[{"id":306,"href":"https:\/\/enlamira.info\/index.php\/wp-json\/wp\/v2\/posts\/302\/revisions\/306"}],"wp:featuredmedia":[{"embeddable":true,"href":"https:\/\/enlamira.info\/index.php\/wp-json\/wp\/v2\/media\/304"}],"wp:attachment":[{"href":"https:\/\/enlamira.info\/index.php\/wp-json\/wp\/v2\/media?parent=302"}],"wp:term":[{"taxonomy":"category","embeddable":true,"href":"https:\/\/enlamira.info\/index.php\/wp-json\/wp\/v2\/categories?post=302"},{"taxonomy":"post_tag","embeddable":true,"href":"https:\/\/enlamira.info\/index.php\/wp-json\/wp\/v2\/tags?post=302"}],"curies":[{"name":"wp","href":"https:\/\/api.w.org\/{rel}","templated":true}]}}