{"id":3016,"date":"2024-04-10T11:28:18","date_gmt":"2024-04-10T14:28:18","guid":{"rendered":"https:\/\/enlamira.info\/?p=3016"},"modified":"2024-04-10T12:04:25","modified_gmt":"2024-04-10T15:04:25","slug":"el-tecnico-que-echaran-una-vez-finalizada-la-copa-de-la-liga","status":"publish","type":"post","link":"https:\/\/enlamira.info\/index.php\/2024\/04\/10\/el-tecnico-que-echaran-una-vez-finalizada-la-copa-de-la-liga\/","title":{"rendered":"El t\u00e9cnico que echar\u00e1n una vez finalizada la Copa de la Liga"},"content":{"rendered":"\n<p>La dirigencia ya tom\u00f3 la decisi\u00f3n tras los irregulares resultados.<\/p>\n\n\n\n<p>Otro t\u00e9cnico se queda sin trabajo en el f\u00fatbol argentino:\u00a0Gimnasia y Esgrima La Plata echar\u00e1 a su entrenador una vez finalizada la Copa de la Liga\u00a0esta \u00faltima fecha, ya que no clasific\u00f3 a los playoffs.<\/p>\n\n\n\n<p>Leonardo Carol Madel\u00f3n\u00a0cerrar\u00e1 su segundo ciclo en el club antes del inicio de la Liga Profesional. \u201cDesde el cuerpo directivo ya decidieron el futuro del actual entrenador. Ser\u00e1 despedido tras el duelo contra Banfield\u201d, aseguraron en\u00a0<em>TNT Sports.<\/em><\/p>\n\n\n\n<p><em>El Lobo<\/em>\u00a0platense, que viene de perder en su visita a Tucum\u00e1n,\u00a0cierra la zona de grupos del torneo como local en el Bosque ante\u00a0<em>el Taladro.\u00a0<\/em><\/p>\n\n\n\n<p>Madel\u00f3n ven\u00eda de salvar del descenso a Gimnasia en la pasada Copa de la Liga, en la cual lleg\u00f3 a jugar un desempate ante Col\u00f3n de Santa Fe. Y en esta presente edici\u00f3n no estuvo cerca de los resultados esperados ni de pelear para los puestos eliminatorios.<\/p>\n","protected":false},"excerpt":{"rendered":"<p>La dirigencia ya tom\u00f3 la decisi\u00f3n tras los irregulares resultados. Otro t\u00e9cnico se queda sin trabajo en el f\u00fatbol argentino:\u00a0Gimnasia y Esgrima La Plata echar\u00e1 a su entrenador una vez finalizada la Copa de la Liga\u00a0esta \u00faltima fecha, ya que no clasific\u00f3 a los playoffs. Leonardo Carol Madel\u00f3n\u00a0cerrar\u00e1 su segundo ciclo en el club antes [&hellip;]<\/p>\n","protected":false},"author":2,"featured_media":3018,"comment_status":"open","ping_status":"open","sticky":false,"template":"","format":"standard","meta":{"footnotes":""},"categories":[14],"tags":[],"_links":{"self":[{"href":"https:\/\/enlamira.info\/index.php\/wp-json\/wp\/v2\/posts\/3016"}],"collection":[{"href":"https:\/\/enlamira.info\/index.php\/wp-json\/wp\/v2\/posts"}],"about":[{"href":"https:\/\/enlamira.info\/index.php\/wp-json\/wp\/v2\/types\/post"}],"author":[{"embeddable":true,"href":"https:\/\/enlamira.info\/index.php\/wp-json\/wp\/v2\/users\/2"}],"replies":[{"embeddable":true,"href":"https:\/\/enlamira.info\/index.php\/wp-json\/wp\/v2\/comments?post=3016"}],"version-history":[{"count":1,"href":"https:\/\/enlamira.info\/index.php\/wp-json\/wp\/v2\/posts\/3016\/revisions"}],"predecessor-version":[{"id":3017,"href":"https:\/\/enlamira.info\/index.php\/wp-json\/wp\/v2\/posts\/3016\/revisions\/3017"}],"wp:featuredmedia":[{"embeddable":true,"href":"https:\/\/enlamira.info\/index.php\/wp-json\/wp\/v2\/media\/3018"}],"wp:attachment":[{"href":"https:\/\/enlamira.info\/index.php\/wp-json\/wp\/v2\/media?parent=3016"}],"wp:term":[{"taxonomy":"category","embeddable":true,"href":"https:\/\/enlamira.info\/index.php\/wp-json\/wp\/v2\/categories?post=3016"},{"taxonomy":"post_tag","embeddable":true,"href":"https:\/\/enlamira.info\/index.php\/wp-json\/wp\/v2\/tags?post=3016"}],"curies":[{"name":"wp","href":"https:\/\/api.w.org\/{rel}","templated":true}]}}