{"id":3004,"date":"2024-04-09T11:45:28","date_gmt":"2024-04-09T14:45:28","guid":{"rendered":"https:\/\/enlamira.info\/?p=3004"},"modified":"2024-04-09T11:48:11","modified_gmt":"2024-04-09T14:48:11","slug":"diputados-marcela-pagano-fue-elegida-para-presidir-la-comision-de-juicio-politico","status":"publish","type":"post","link":"https:\/\/enlamira.info\/index.php\/2024\/04\/09\/diputados-marcela-pagano-fue-elegida-para-presidir-la-comision-de-juicio-politico\/","title":{"rendered":"Diputados: Marcela Pagano fue elegida para presidir la Comisi\u00f3n de Juicio Pol\u00edtico"},"content":{"rendered":"\n<p>La periodista y legisladora nacional por La Libertad Avanza ser\u00e1 la encargada de dirigir una de las comisiones m\u00e1s sensibles de la C\u00e1mara baja y un \u00e1rea clave para Milei.<\/p>\n\n\n\n<p>La periodista y\u00a0diputada\u00a0nacional de\u00a0La Libertad Avanza (LLA), Marcela Pagano, ha sido designada por el presidente Javier Milei y el bloque libertario que preside Oscar Zago para liderar la Comisi\u00f3n de Juicio Pol\u00edtico, una de las comisiones pol\u00edticas m\u00e1s importantes encargada de impulsar o desestimar pedidos de\u00a0juicio pol\u00edtico\u00a0contra el presidente, el vicepresidente, los ministros del Poder Ejecutivo y los jueces de la Corte Suprema.<\/p>\n\n\n\n<p>La\u00a0Comisi\u00f3n de Juicio Pol\u00edtico, que se constituir\u00e1 en los pr\u00f3ximos d\u00edas, tuvo un papel relevante el a\u00f1o pasado cuando, a instancias del\u00a0kirchnerismo, se promovi\u00f3 el enjuiciamiento contra los cuatro jueces de la Corte Suprema \u2013Horacio Rosatti, Carlos Rosenkrantz, Ricardo Lorenzetti y Juan Carlos Maqueda\u2013, por mal desempe\u00f1o en sus funciones y posible comisi\u00f3n de delitos.\u00a0<\/p>\n\n\n\n<p>A pesar de que la mayor\u00eda kirchnerista en la comisi\u00f3n emiti\u00f3 un dictamen acusatorio contra los magistrados, el juicio pol\u00edtico no fue llevado al recinto debido a que no reun\u00eda los dos tercios necesarios para su aprobaci\u00f3n.<\/p>\n\n\n\n<p>Sin embargo, el dictamen acusatorio qued\u00f3 en suspenso, ya que sigue vigente por dos a\u00f1os. Por lo tanto, los jueces supremos s\u00f3lo estar\u00e1n completamente a salvo de ser destituidos cuando una mayor\u00eda opositora al juicio pol\u00edtico lleve el dictamen al recinto y sea definitivamente rechazado.<\/p>\n\n\n\n<p>Hasta ahora, no ha habido indicios de que la Casa Rosada est\u00e9 promoviendo esta ofensiva. Este dato es relevante, especialmente despu\u00e9s de que Milei expresara su descontento con tres de los jueces del alto tribunal por su postura \u201cbastante poco amigable\u201d con el decreto de necesidad y urgencia 70\/23 de desregulaci\u00f3n de la econom\u00eda.<\/p>\n\n\n\n<p>Aunque el proceso de juicio pol\u00edtico contra la\u00a0Corte Suprema\u00a0fue cerrado en noviembre pasado, queda por verse cu\u00e1l ser\u00e1 la posici\u00f3n de los libertarios en este asunto, ya que a\u00fan no han hecho declaraciones p\u00fablicas al respecto.<\/p>\n\n\n\n<p>Por el momento, Milei ha asegurado que una persona de su total confianza, la diputada Pagano, encabece esta comisi\u00f3n clave. Aunque inicialmente se hab\u00eda distanciado de la c\u00fapula del bloque por desacuerdos en el reparto de cargos, Pagano ha recuperado su lugar en la bancada y ahora es una figura destacada junto a Zago, quien tambi\u00e9n formar\u00e1 parte de la Comisi\u00f3n de Juicio Pol\u00edtico. Los acompa\u00f1ar\u00e1n los libertarios Nicol\u00e1s Mayoraz \u2013quien tambi\u00e9n preside la Comisi\u00f3n de Asuntos Constitucionales de la C\u00e1mara baja\u2013 y el correntino Lisandro Almir\u00f3n.<\/p>\n\n\n\n<p>Hasta ahora, no se ha presentado ning\u00fan pedido de juicio pol\u00edtico contra el presidente, pero no se descarta que el kirchnerismo d\u00e9 el primer paso. Recientemente, la agrupaci\u00f3n kirchnerista Soberanxs organiz\u00f3 un evento bajo la premisa: \u201c\u00bfCorresponde juicio pol\u00edtico al Presidente Javier Milei?\u201d. La conclusi\u00f3n de ese evento fue, seg\u00fan las palabras de su impulsora, la exembajadora Alicia Castro, que el jefe de Estado es \u201cinsano\u201d y, por lo tanto, susceptible de ser destituido.<\/p>\n","protected":false},"excerpt":{"rendered":"<p>La periodista y legisladora nacional por La Libertad Avanza ser\u00e1 la encargada de dirigir una de las comisiones m\u00e1s sensibles de la C\u00e1mara baja y un \u00e1rea clave para Milei. La periodista y\u00a0diputada\u00a0nacional de\u00a0La Libertad Avanza (LLA), Marcela Pagano, ha sido designada por el presidente Javier Milei y el bloque libertario que preside Oscar Zago [&hellip;]<\/p>\n","protected":false},"author":2,"featured_media":3006,"comment_status":"open","ping_status":"open","sticky":false,"template":"","format":"standard","meta":{"footnotes":""},"categories":[20],"tags":[],"_links":{"self":[{"href":"https:\/\/enlamira.info\/index.php\/wp-json\/wp\/v2\/posts\/3004"}],"collection":[{"href":"https:\/\/enlamira.info\/index.php\/wp-json\/wp\/v2\/posts"}],"about":[{"href":"https:\/\/enlamira.info\/index.php\/wp-json\/wp\/v2\/types\/post"}],"author":[{"embeddable":true,"href":"https:\/\/enlamira.info\/index.php\/wp-json\/wp\/v2\/users\/2"}],"replies":[{"embeddable":true,"href":"https:\/\/enlamira.info\/index.php\/wp-json\/wp\/v2\/comments?post=3004"}],"version-history":[{"count":2,"href":"https:\/\/enlamira.info\/index.php\/wp-json\/wp\/v2\/posts\/3004\/revisions"}],"predecessor-version":[{"id":3007,"href":"https:\/\/enlamira.info\/index.php\/wp-json\/wp\/v2\/posts\/3004\/revisions\/3007"}],"wp:featuredmedia":[{"embeddable":true,"href":"https:\/\/enlamira.info\/index.php\/wp-json\/wp\/v2\/media\/3006"}],"wp:attachment":[{"href":"https:\/\/enlamira.info\/index.php\/wp-json\/wp\/v2\/media?parent=3004"}],"wp:term":[{"taxonomy":"category","embeddable":true,"href":"https:\/\/enlamira.info\/index.php\/wp-json\/wp\/v2\/categories?post=3004"},{"taxonomy":"post_tag","embeddable":true,"href":"https:\/\/enlamira.info\/index.php\/wp-json\/wp\/v2\/tags?post=3004"}],"curies":[{"name":"wp","href":"https:\/\/api.w.org\/{rel}","templated":true}]}}