{"id":2999,"date":"2024-04-09T11:43:45","date_gmt":"2024-04-09T14:43:45","guid":{"rendered":"https:\/\/enlamira.info\/?p=2999"},"modified":"2024-04-09T11:49:18","modified_gmt":"2024-04-09T14:49:18","slug":"milei-aseguro-que-la-frase-de-benegas-lynch-fue-absolutamente-desafortunada","status":"publish","type":"post","link":"https:\/\/enlamira.info\/index.php\/2024\/04\/09\/milei-aseguro-que-la-frase-de-benegas-lynch-fue-absolutamente-desafortunada\/","title":{"rendered":"Milei asegur\u00f3 que la frase de Benegas Lynch fue \u201cabsolutamente desafortunada\u201d"},"content":{"rendered":"\n<p>El presidente arremeti\u00f3 contra la prensa por \u201csacar de contexto\u201d la frase de Alberto Benegas Lynch sobre la educaci\u00f3n obligatoria. \u201cHay periodistas que trabajan para destruirnos\u201d, enfatiz\u00f3.<\/p>\n\n\n\n<p>El Presidente visit\u00f3 el programa de streaming de Neura Media, conducido por Alejandro Fantino, y apunt\u00f3 directamente contra la oposici\u00f3n:\u00a0\u201cLos K entienden mejor la l\u00f3gica del poder\u201d.\u00a0\u201cEllos entienden c\u00f3mo es. Nosotros est\u00e1bamos del otro lado y dec\u00edamos que eran unos cabeza de termo, pero en realidad entienden que vos ten\u00e9s el poder y te lo van a querer sacar\u201d, detall\u00f3.<\/p>\n\n\n\n<p>En esta misma l\u00ednea,\u00a0Milei\u00a0sostuvo que su modus operandi es \u201cpegar todos juntos y en el mismo lugar\u201d para aprovechar los errores y as\u00ed poder romperlos. Acto seguido, el mandatario se refiri\u00f3 a la pol\u00e9mica frase de\u00a0Alberto \u201cBertie\u201d Benegas Lynch\u00a0sobre la educaci\u00f3n obligatoria y la calific\u00f3 como \u201cuna frase absolutamente desafortunada\u201d. Sin embargo, tambi\u00e9n critic\u00f3 a algunos periodistas por sacarla de contexto.<\/p>\n\n\n\n<p>En sus declaraciones a Neura, Milei consider\u00f3 que \u201cfue un error de Bertie\u201d ir a dar una nota a la periodista Romina Manguel en FM Milenium, a quien acus\u00f3 de querer \u201cdestruir\u201d a su espacio pol\u00edtico.<\/p>\n\n\n\n<p>En el programa, el domingo pasado, Benegas Lynch apunt\u00f3: \u201cLa libertad tambi\u00e9n es que si no quer\u00e9s mandar a tu hijo al colegio porque lo necesit\u00e1s en el taller, puedas hacerlo\u201d. Inevitablemente, la\u00a0frase\u00a0gener\u00f3 rechazo en gran parte de la oposici\u00f3n e incluso en algunos dirigentes de LLA.\u00a0\u201cLa frase es desafortunada, pero sacada de contexto es peor. Hay periodistas que trabajan para destruirnos\u201d, explic\u00f3 Milei.<\/p>\n\n\n\n<p>En otra parte de la entrevista con Fantino, el mandatario se refiri\u00f3 al papel del Estado, al que clasific\u00f3 como una\u00a0\u201corganizaci\u00f3n criminal violenta que se financia como una coacci\u00f3n llamada impuestos\u201d. \u201cEl Estado es mi enemigo\u201d, reiter\u00f3, y expres\u00f3 que la pol\u00edtica es un \u00e1mbito en el que \u201cte viven metiendo palos en la rueda\u201d.<\/p>\n\n\n\n<p>\u201cEl error fue que en el fondo nos trataron como un error\u201d, aleg\u00f3, explicando su camino hacia la presidencia. \u201cSi creen que soy un error mejor para m\u00ed, porque no me van a ver venir. Tienen un problema de resistencia al cambio y est\u00e1n formateados con la cabeza en un determinado modelo que creen que es bueno. Creen que somos un fallo de mercado, en lugar de entender que cambi\u00f3 el modelo\u201d, detall\u00f3.<\/p>\n\n\n\n<p>Y consider\u00f3: \u201cLa primera apuesta era que no lleg\u00e1ramos a enero. Pero, a diferencia de otros presidentes, tengo mandato, porque yo dije que iba a ir a fondo con la inflaci\u00f3n y con la inseguridad. Eso es un contrato que constru\u00ed con mi votante\u201d.&nbsp;<\/p>\n\n\n\n<p>\u201cNosotros hicimos el ajuste fiscal m\u00e1s grande de la historia de la Argentina y de la humanidad, y lo logramos en un mes\u201d, indic\u00f3, y, justificando las medidas econ\u00f3micas del Gobierno, agreg\u00f3: \u201cPod\u00edamos haber tenido una h\u00edper en los primeros d\u00edas de enero; ten\u00eda que ajustar brutalmente o nos com\u00edamos la hiper y hubiese sido peor\u201d.<\/p>\n\n\n\n<p>\u201cLos economistas dec\u00edan que el d\u00f3lar ten\u00eda que estar a 600, y le dije a Luis Caputo que lo fijara a $800. Sumado al impuesto pa\u00eds, eso hac\u00eda achicar el exceso de demanda, de divisas y de oferta del resto de la econom\u00eda\u201d, continu\u00f3.<\/p>\n\n\n\n<p>Luego, tras ser consultado sobre cu\u00e1ndo llegar\u00e1 el alivio para los argentinos, el mandatario asegur\u00f3:\u00a0\u201cEl 75% de los argentinos entiende que estamos peor. Pero la mitad cree que de ac\u00e1 a seis meses vamos a estar mejor y que vamos a bajar la inflaci\u00f3n\u201d. Y manifest\u00f3: \u201cEl 50% cree que lo voy a hacer en un a\u00f1o, el 20% que en dos; cuando busc\u00e1s la palabra m\u00e1s representativa de los argentinos, es esperanza\u201d.\u00a0<\/p>\n\n\n\n<p>Asimismo, afirm\u00f3 que su imagen \u201cest\u00e1 en los mismos niveles que cuando asumi\u00f3\u201d y que es \u201cel segundo presidente con mejor imagen del mundo\u201d. \u201cHoy ganamos en primera vuelta\u201d, ratific\u00f3.<\/p>\n\n\n\n<p>\u201cPor eso est\u00e1n tan nerviosos, porque la econom\u00eda est\u00e1 creciendo a pesar de la pol\u00edtica y a pesar del cepo\u201d, agreg\u00f3, aunque anticip\u00f3 que no est\u00e1 en sus planes liberarlo en la proximidad: \u201cHay que ser prudentes y esperar un poco m\u00e1s\u201d.&nbsp;<\/p>\n\n\n\n<p>A su vez, en l\u00ednea con lo anticipado por el ministro de Econom\u00eda, el Presidente tambi\u00e9n consider\u00f3 que\u00a0la\u00a0inflaci\u00f3n\u00a0del mes de marzo estar\u00e1 \u201cen torno al 10%\u201d.\u00a0Y agreg\u00f3: \u201cSer\u00eda un gol infernal, porque con la estacionalidad de marzo, replicar los valores de febrero ser\u00eda un montonazo\u201d.<\/p>\n\n\n\n<p>Respecto a la\u00a0pol\u00e9mica que se gener\u00f3 por la suba en las dietas que hab\u00eda denunciado Victoria Tolosa Paz en enero, Milei tambi\u00e9n\u00a0adelant\u00f3 que los\u00a0diputados y senadores\u00a0no van a cobrar aumentos en los pr\u00f3ximos meses.\u00a0\u201cEstuvo buen\u00edsimo porque vi el quilombo y enseguida lo correg\u00ed. Los que est\u00e1bamos en el Gabinete no nos enteramos del aumento porque no miramos el recibo de sueldo. Todos vienen por el bronce, \u00bfo te crees que podemos vivir con lo que estamos ganando?\u201c, cuestion\u00f3.<\/p>\n\n\n\n<p>Retomando las cuestiones econ\u00f3micas, se refiri\u00f3 a la quita de subsidios en los servicios y responsabiliz\u00f3 al kirchnerismo por los valores actuales. \u201cSi no te pod\u00e9s comprar un Lamborghini es porque tu salario no da\u201d, ironiz\u00f3, y explic\u00f3: \u201cNo es que las tarifas son caras -teniendo en cuenta valores de referencia en Europa son irrisorias- sin subsidios, lo que hay que entender es que no es gratis y que\u00a020 a\u00f1os de populismo nos dejaron pobres\u201d.\u00a0<\/p>\n\n\n\n<p>\u201cEl problema no es lo que cuesta la tarifa, sino que los a\u00f1os de populismo costaron que nuestro salario promedio caiga un 80% y nos empobrecieron\u201d, agreg\u00f3.<\/p>\n\n\n\n<p>Tambi\u00e9n expres\u00f3 su intenci\u00f3n de -en un futuro- presentar un proyecto del\u00a0ley de blanqueo\u00a0para que las personas que tienen d\u00f3lares ahorrados puedan moverlos y utilizarlos a\u00fan\u00a0sin haberlos declarado previamente.\u00a0\u201cEl blue no es ilegal, es un d\u00f3lar que te permite escaparte de la estafa del peso. Son leyes de pol\u00edticos que quieren robarle la plata la gente.\u00a0Algunas cosas que los pol\u00edticos consideran delito para mi no lo son\u201d, sostuvo.<\/p>\n","protected":false},"excerpt":{"rendered":"<p>El presidente arremeti\u00f3 contra la prensa por \u201csacar de contexto\u201d la frase de Alberto Benegas Lynch sobre la educaci\u00f3n obligatoria. \u201cHay periodistas que trabajan para destruirnos\u201d, enfatiz\u00f3. El Presidente visit\u00f3 el programa de streaming de Neura Media, conducido por Alejandro Fantino, y apunt\u00f3 directamente contra la oposici\u00f3n:\u00a0\u201cLos K entienden mejor la l\u00f3gica del poder\u201d.\u00a0\u201cEllos entienden [&hellip;]<\/p>\n","protected":false},"author":2,"featured_media":3002,"comment_status":"open","ping_status":"open","sticky":false,"template":"","format":"standard","meta":{"footnotes":""},"categories":[20],"tags":[],"_links":{"self":[{"href":"https:\/\/enlamira.info\/index.php\/wp-json\/wp\/v2\/posts\/2999"}],"collection":[{"href":"https:\/\/enlamira.info\/index.php\/wp-json\/wp\/v2\/posts"}],"about":[{"href":"https:\/\/enlamira.info\/index.php\/wp-json\/wp\/v2\/types\/post"}],"author":[{"embeddable":true,"href":"https:\/\/enlamira.info\/index.php\/wp-json\/wp\/v2\/users\/2"}],"replies":[{"embeddable":true,"href":"https:\/\/enlamira.info\/index.php\/wp-json\/wp\/v2\/comments?post=2999"}],"version-history":[{"count":2,"href":"https:\/\/enlamira.info\/index.php\/wp-json\/wp\/v2\/posts\/2999\/revisions"}],"predecessor-version":[{"id":3003,"href":"https:\/\/enlamira.info\/index.php\/wp-json\/wp\/v2\/posts\/2999\/revisions\/3003"}],"wp:featuredmedia":[{"embeddable":true,"href":"https:\/\/enlamira.info\/index.php\/wp-json\/wp\/v2\/media\/3002"}],"wp:attachment":[{"href":"https:\/\/enlamira.info\/index.php\/wp-json\/wp\/v2\/media?parent=2999"}],"wp:term":[{"taxonomy":"category","embeddable":true,"href":"https:\/\/enlamira.info\/index.php\/wp-json\/wp\/v2\/categories?post=2999"},{"taxonomy":"post_tag","embeddable":true,"href":"https:\/\/enlamira.info\/index.php\/wp-json\/wp\/v2\/tags?post=2999"}],"curies":[{"name":"wp","href":"https:\/\/api.w.org\/{rel}","templated":true}]}}