{"id":2990,"date":"2024-04-09T11:41:18","date_gmt":"2024-04-09T14:41:18","guid":{"rendered":"https:\/\/enlamira.info\/?p=2990"},"modified":"2024-04-09T11:51:38","modified_gmt":"2024-04-09T14:51:38","slug":"galperin-renovo-su-apoyo-a-milei-tras-la-caida-del-riesgo-pais-y-apunto-a-la-oposicion","status":"publish","type":"post","link":"https:\/\/enlamira.info\/index.php\/2024\/04\/09\/galperin-renovo-su-apoyo-a-milei-tras-la-caida-del-riesgo-pais-y-apunto-a-la-oposicion\/","title":{"rendered":"Galperin renov\u00f3 su apoyo a Milei tras la ca\u00edda del riesgo pa\u00eds y apunt\u00f3 a la oposici\u00f3n"},"content":{"rendered":"\n<p>El CEO de Mercado Libre volvi\u00f3 a referirse a la nueva administraci\u00f3n tras la la baja de 97 puntos.<\/p>\n\n\n\n<p>El fundador y CEO de Mercado Libre,\u00a0Marcos Galperin, reaccion\u00f3 luego de que se anunciara la\u00a0ca\u00edda del riesgo pa\u00eds\u00a0y se ubicara cercano a los 1200 puntos.<\/p>\n\n\n\n<p>El empresario se pronunci\u00f3 a trav\u00e9s de sus redes sociales y lanz\u00f3 un\u00a0fuerte mensaje\u00a0en apoyo al gobierno de Javier Milei.<\/p>\n\n\n\n<p>\u201cY si funciona?\u201d, se pregunt\u00f3 esperanzado Galperin. Y continu\u00f3:\u00a0\u201cM\u00e1s de uno con ataques de p\u00e1nico de que pueda llegar a funcionar!\u201d.<\/p>\n\n\n\n<p>Sus palabras fueron expresadas a trav\u00e9s un posteo en la red social X que acompa\u00f1\u00f3 del titulo de un medio que hac\u00eda referencia a la econom\u00eda argentina.<\/p>\n\n\n\n<p>\u201cCaen las cotizaciones libres y el riesgo pa\u00eds perfora la barrera de los 1300 puntos\u201d, titulaba La Naci\u00f3n que fue citada por el l\u00edder argentino del e-commerce.<\/p>\n\n\n\n<p>En su momento, el empresario\u00a0ya hab\u00eda festejado la llegado libertaria al Poder\u00a0y escribi\u00f3 un mensaje para Milei:\u00a0\u201cOjal\u00e1 su presidencia nos devuelva muchas d\u00e9cadas de capitalismo, democracia, libertad y crecimiento\u201d.<\/p>\n","protected":false},"excerpt":{"rendered":"<p>El CEO de Mercado Libre volvi\u00f3 a referirse a la nueva administraci\u00f3n tras la la baja de 97 puntos. El fundador y CEO de Mercado Libre,\u00a0Marcos Galperin, reaccion\u00f3 luego de que se anunciara la\u00a0ca\u00edda del riesgo pa\u00eds\u00a0y se ubicara cercano a los 1200 puntos. El empresario se pronunci\u00f3 a trav\u00e9s de sus redes sociales y [&hellip;]<\/p>\n","protected":false},"author":2,"featured_media":2992,"comment_status":"open","ping_status":"open","sticky":false,"template":"","format":"standard","meta":{"footnotes":""},"categories":[20],"tags":[],"_links":{"self":[{"href":"https:\/\/enlamira.info\/index.php\/wp-json\/wp\/v2\/posts\/2990"}],"collection":[{"href":"https:\/\/enlamira.info\/index.php\/wp-json\/wp\/v2\/posts"}],"about":[{"href":"https:\/\/enlamira.info\/index.php\/wp-json\/wp\/v2\/types\/post"}],"author":[{"embeddable":true,"href":"https:\/\/enlamira.info\/index.php\/wp-json\/wp\/v2\/users\/2"}],"replies":[{"embeddable":true,"href":"https:\/\/enlamira.info\/index.php\/wp-json\/wp\/v2\/comments?post=2990"}],"version-history":[{"count":2,"href":"https:\/\/enlamira.info\/index.php\/wp-json\/wp\/v2\/posts\/2990\/revisions"}],"predecessor-version":[{"id":2993,"href":"https:\/\/enlamira.info\/index.php\/wp-json\/wp\/v2\/posts\/2990\/revisions\/2993"}],"wp:featuredmedia":[{"embeddable":true,"href":"https:\/\/enlamira.info\/index.php\/wp-json\/wp\/v2\/media\/2992"}],"wp:attachment":[{"href":"https:\/\/enlamira.info\/index.php\/wp-json\/wp\/v2\/media?parent=2990"}],"wp:term":[{"taxonomy":"category","embeddable":true,"href":"https:\/\/enlamira.info\/index.php\/wp-json\/wp\/v2\/categories?post=2990"},{"taxonomy":"post_tag","embeddable":true,"href":"https:\/\/enlamira.info\/index.php\/wp-json\/wp\/v2\/tags?post=2990"}],"curies":[{"name":"wp","href":"https:\/\/api.w.org\/{rel}","templated":true}]}}