{"id":2985,"date":"2024-04-09T11:40:04","date_gmt":"2024-04-09T14:40:04","guid":{"rendered":"https:\/\/enlamira.info\/?p=2985"},"modified":"2024-04-09T11:52:56","modified_gmt":"2024-04-09T14:52:56","slug":"milei-fue-nombrado-embajador-internacional-de-la-luz-y-recibira-una-distincion-en-miami","status":"publish","type":"post","link":"https:\/\/enlamira.info\/index.php\/2024\/04\/09\/milei-fue-nombrado-embajador-internacional-de-la-luz-y-recibira-una-distincion-en-miami\/","title":{"rendered":"Milei fue nombrado \u201cEmbajador Internacional de la Luz\u201d y recibir\u00e1 una distinci\u00f3n en Miami"},"content":{"rendered":"\n<p>El reconocimiento se lo otorg\u00f3 la entidad jud\u00eda Jabad Lubavitch y se dirigir\u00e1 esta noche a los Estados Unidos junto a Karina Milei.<\/p>\n\n\n\n<p>Este\u00a0martes por la noche, el presidente\u00a0Javier Milei\u00a0volar\u00e1 hacia los Estados Unidos\u00a0para recibir la distinci\u00f3n de\u00a0\u201cEmbajador Internacional de la Luz\u201d,\u00a0reconocimiento entregado por la entidad jud\u00eda,\u00a0Jabad Lubavitch.<\/p>\n\n\n\n<p>La ceremonia se llevar\u00e1 a cabo el\u00a0mi\u00e9rcoles 10 de abril\u00a0 en el centro jabadista de Bal Harbour, ubicado en\u00a0Miami.<\/p>\n\n\n\n<p>El Presidente viajar\u00e1 junto a su hermana y secretaria General de la Presidencia,\u00a0Karina Milei, el rabino\u00a0Shimon Wahnish\u00a0y el empresario\u00a0Gerardo Werthein, nominados para las embajadas de Israel y Estados Unidos respectivamente.<\/p>\n\n\n\n<p>Seg\u00fan expresa la entidad en la invitaci\u00f3n al evento, el reconocimiento fue otorgado por \u201csu\u00a0inquebrantable dedicaci\u00f3n a difundir la libertad, la esperanza y la positividad frente a la oscuridad. Sus incansables esfuerzos por Israel y la comunidad global\u201d.<\/p>\n\n\n\n<h3 class=\"wp-block-heading\">Los pr\u00f3ximos viajes presidenciales<\/h3>\n\n\n\n<p>Tras el vuelo a Miami, Milei se quedar\u00eda en la Argentina hasta\u00a0junio, cuando planea ir hac\u00eda Ucrania\u00a0y visitar al presidente\u00a0Volod\u00edmir Zelenski, quien estuvo en Buenos Aires para la asunci\u00f3n del libertario.<\/p>\n\n\n\n<p>El paso por Ucrania formar\u00e1 parte una\u00a0gira que incluir\u00e1 Espa\u00f1a, Alemania y Francia.<\/p>\n\n\n\n<p>Todav\u00eda est\u00e1\u00a0sin confirmar\u00a0la asistencia del mandatario argentino a la\u00a0cumbre del G7\u00a0que se realizar\u00e1 tambi\u00e9n en junio en\u00a0Italia.<\/p>\n","protected":false},"excerpt":{"rendered":"<p>El reconocimiento se lo otorg\u00f3 la entidad jud\u00eda Jabad Lubavitch y se dirigir\u00e1 esta noche a los Estados Unidos junto a Karina Milei. Este\u00a0martes por la noche, el presidente\u00a0Javier Milei\u00a0volar\u00e1 hacia los Estados Unidos\u00a0para recibir la distinci\u00f3n de\u00a0\u201cEmbajador Internacional de la Luz\u201d,\u00a0reconocimiento entregado por la entidad jud\u00eda,\u00a0Jabad Lubavitch. La ceremonia se llevar\u00e1 a cabo el\u00a0mi\u00e9rcoles [&hellip;]<\/p>\n","protected":false},"author":2,"featured_media":2988,"comment_status":"open","ping_status":"open","sticky":false,"template":"","format":"standard","meta":{"footnotes":""},"categories":[20],"tags":[],"_links":{"self":[{"href":"https:\/\/enlamira.info\/index.php\/wp-json\/wp\/v2\/posts\/2985"}],"collection":[{"href":"https:\/\/enlamira.info\/index.php\/wp-json\/wp\/v2\/posts"}],"about":[{"href":"https:\/\/enlamira.info\/index.php\/wp-json\/wp\/v2\/types\/post"}],"author":[{"embeddable":true,"href":"https:\/\/enlamira.info\/index.php\/wp-json\/wp\/v2\/users\/2"}],"replies":[{"embeddable":true,"href":"https:\/\/enlamira.info\/index.php\/wp-json\/wp\/v2\/comments?post=2985"}],"version-history":[{"count":2,"href":"https:\/\/enlamira.info\/index.php\/wp-json\/wp\/v2\/posts\/2985\/revisions"}],"predecessor-version":[{"id":2989,"href":"https:\/\/enlamira.info\/index.php\/wp-json\/wp\/v2\/posts\/2985\/revisions\/2989"}],"wp:featuredmedia":[{"embeddable":true,"href":"https:\/\/enlamira.info\/index.php\/wp-json\/wp\/v2\/media\/2988"}],"wp:attachment":[{"href":"https:\/\/enlamira.info\/index.php\/wp-json\/wp\/v2\/media?parent=2985"}],"wp:term":[{"taxonomy":"category","embeddable":true,"href":"https:\/\/enlamira.info\/index.php\/wp-json\/wp\/v2\/categories?post=2985"},{"taxonomy":"post_tag","embeddable":true,"href":"https:\/\/enlamira.info\/index.php\/wp-json\/wp\/v2\/tags?post=2985"}],"curies":[{"name":"wp","href":"https:\/\/api.w.org\/{rel}","templated":true}]}}