{"id":297,"date":"2024-03-05T16:52:12","date_gmt":"2024-03-05T19:52:12","guid":{"rendered":"https:\/\/enlamira.info\/?p=297"},"modified":"2024-03-05T17:44:31","modified_gmt":"2024-03-05T20:44:31","slug":"dia-gris-para-el-tenis-argentino-el-torneo-atp-250-de-cordoba-dejara-de-existir","status":"publish","type":"post","link":"https:\/\/enlamira.info\/index.php\/2024\/03\/05\/dia-gris-para-el-tenis-argentino-el-torneo-atp-250-de-cordoba-dejara-de-existir\/","title":{"rendered":"D\u00eda gris para el tenis argentino: el torneo ATP 250 de C\u00f3rdoba dejar\u00e1 de existir"},"content":{"rendered":"\n<p>Uno de los organizadores del torneo confirm\u00f3 que la edici\u00f3n del 2024 fue la \u00faltima debido a cuestiones de calendario y decisiones de la ATP<\/p>\n\n\n\n<p>La edici\u00f3n 2024 del ATP 250 de C\u00f3rdoba, uno de los cuatro torneos de la Gira Sudamericana, fue la \u00faltima del mismo.\u00a0Lo confirm\u00f3 durante la ma\u00f1ana del d\u00eda martes uno de los organizadores del torneo que se jugabaen el\u00a0Polo Deportivo del estadio Mario Alberto Kempes.<\/p>\n\n\n\n<p>\u201cEn la gira de Sudam\u00e9rica,\u00a0el pr\u00f3ximo a\u00f1o C\u00f3rdoba sale del calendario\u201d, declar\u00f3 el extenista peruano\u00a0Jorge Salkeld, vicepresidente de la empresa que organizaba el torneo, en una entrevista con<em>\u00a0La Tercera<\/em>\u00a0de Chile. De esta manera, solo quedar\u00e1n Buenos Aires, R\u00edo y Santiago como torneos de la regi\u00f3n.<\/p>\n\n\n\n<p>En lo que respecta a\u00a0los motivos de esta decisi\u00f3n, es debido al calendario y a que la ATP decidi\u00f3 priorizar otras competiciones con el principal objetivo de fortalecerlas de cara al futuro,\u00a0adem\u00e1s de cuestiones de visibilidad y diferentes diferencias con las\u00a0marcas y sponsors del evento.\u00a0<\/p>\n\n\n\n<p>De esta manera,\u00a0el \u00faltimo campe\u00f3n del torneo fue el \u00edtalo argentino Luciano Darderi, quien se impuso en la final a\u00a0Facundo Bagnis.\u00a0Otros de los campeones locales fueron\u00a0Juan Ignacio Londero, Juan Manuel Cer\u00fandolo y Sebasti\u00e1n B\u00e1ez.<\/p>\n","protected":false},"excerpt":{"rendered":"<p>Uno de los organizadores del torneo confirm\u00f3 que la edici\u00f3n del 2024 fue la \u00faltima debido a cuestiones de calendario y decisiones de la ATP La edici\u00f3n 2024 del ATP 250 de C\u00f3rdoba, uno de los cuatro torneos de la Gira Sudamericana, fue la \u00faltima del mismo.\u00a0Lo confirm\u00f3 durante la ma\u00f1ana del d\u00eda martes uno [&hellip;]<\/p>\n","protected":false},"author":2,"featured_media":300,"comment_status":"open","ping_status":"open","sticky":false,"template":"","format":"standard","meta":{"footnotes":""},"categories":[14],"tags":[],"_links":{"self":[{"href":"https:\/\/enlamira.info\/index.php\/wp-json\/wp\/v2\/posts\/297"}],"collection":[{"href":"https:\/\/enlamira.info\/index.php\/wp-json\/wp\/v2\/posts"}],"about":[{"href":"https:\/\/enlamira.info\/index.php\/wp-json\/wp\/v2\/types\/post"}],"author":[{"embeddable":true,"href":"https:\/\/enlamira.info\/index.php\/wp-json\/wp\/v2\/users\/2"}],"replies":[{"embeddable":true,"href":"https:\/\/enlamira.info\/index.php\/wp-json\/wp\/v2\/comments?post=297"}],"version-history":[{"count":2,"href":"https:\/\/enlamira.info\/index.php\/wp-json\/wp\/v2\/posts\/297\/revisions"}],"predecessor-version":[{"id":301,"href":"https:\/\/enlamira.info\/index.php\/wp-json\/wp\/v2\/posts\/297\/revisions\/301"}],"wp:featuredmedia":[{"embeddable":true,"href":"https:\/\/enlamira.info\/index.php\/wp-json\/wp\/v2\/media\/300"}],"wp:attachment":[{"href":"https:\/\/enlamira.info\/index.php\/wp-json\/wp\/v2\/media?parent=297"}],"wp:term":[{"taxonomy":"category","embeddable":true,"href":"https:\/\/enlamira.info\/index.php\/wp-json\/wp\/v2\/categories?post=297"},{"taxonomy":"post_tag","embeddable":true,"href":"https:\/\/enlamira.info\/index.php\/wp-json\/wp\/v2\/tags?post=297"}],"curies":[{"name":"wp","href":"https:\/\/api.w.org\/{rel}","templated":true}]}}