{"id":2967,"date":"2024-04-09T11:33:58","date_gmt":"2024-04-09T14:33:58","guid":{"rendered":"https:\/\/enlamira.info\/?p=2967"},"modified":"2024-04-09T11:59:58","modified_gmt":"2024-04-09T14:59:58","slug":"segunda-denuncia-por-abuso-sexual-contra-el-jugador-de-velez-braian-cufre","status":"publish","type":"post","link":"https:\/\/enlamira.info\/index.php\/2024\/04\/09\/segunda-denuncia-por-abuso-sexual-contra-el-jugador-de-velez-braian-cufre\/","title":{"rendered":"Segunda denuncia por abuso sexual contra el jugador de V\u00e9lez, Braian Cufr\u00e9"},"content":{"rendered":"\n<p>El defensor es uno de los acusados de violar a una joven en Tucum\u00e1n, donde est\u00e1 con prisi\u00f3n domiciliaria.<\/p>\n\n\n\n<p>La situaci\u00f3n judicial de\u00a0Braian Cufr\u00e9\u00a0es cada vez m\u00e1s complicada.\u00a0El futbolista de V\u00e9lez recibi\u00f3 una segunda denuncia en su contra por abuso sexual.\u00a0<\/p>\n\n\n\n<p>Una mujer acus\u00f3 al defensor por haberla violado ocho a\u00f1os atr\u00e1s.\u00a0La Justicia le otorg\u00f3 bot\u00f3n antip\u00e1nico a la v\u00edctima, que deber\u00e1 ratificar la denuncia esta semana.<\/p>\n\n\n\n<p>Cufr\u00e9 es uno de los cuatro jugadores del\u00a0<em>Fort\u00edn<\/em>, con Jos\u00e9 Florent\u00edn, Abiel Osorio y Sebasti\u00e1n Sosa, acusados por abusar sexualmente de una joven tucumana en un hotel.<\/p>\n\n\n\n<p>Los tres primeros mencionados se encuentran con prisi\u00f3n preventiva en la provincia de Tucum\u00e1n, mientras que el arquero uruguayo tiene libertad condicional luego de haber pagado una fianza millonaria.<\/p>\n\n\n\n<p>En esta nueva denuncia, adem\u00e1s de Cufr\u00e9,\u00a0se encuentra se\u00f1alado otro ex jugador de V\u00e9lez: Fabricio Alvarenga.<\/p>\n\n\n\n<p>Fuentes que le revelaron a\u00a0<em>Infobae<\/em>\u00a0parte de los hechos: \u201cUn d\u00eda la invita a la casa para hacer un tr\u00edo y le comenta que iba a estar Fabricio. Ella le aclara: \u2018Mir\u00e1 que no quiero hacer tr\u00edos\u2019\u00a0y \u00e9l le responde que se quedara tranquila\u201d.<\/p>\n\n\n\n<p>La v\u00edctima, una joven de 25 a\u00f1os, manten\u00eda una relaci\u00f3n paralela con Cufr\u00e9.<\/p>\n\n\n\n<p>Despu\u00e9s de tener relaciones con su \u201cpareja\u201d, la mujer se fue al ba\u00f1o. En ese momento \u201cCufr\u00e9 le dice dice: \u2018Ah\u00ed va Fabricio\u2019 y ante su negativa Alvarenga la viola\u201d.<\/p>\n\n\n\n<p>Fabricio Alvarenga actualmente juega en el f\u00fatbol ucraniano en el Chornomorets Odesa.<\/p>\n","protected":false},"excerpt":{"rendered":"<p>El defensor es uno de los acusados de violar a una joven en Tucum\u00e1n, donde est\u00e1 con prisi\u00f3n domiciliaria. La situaci\u00f3n judicial de\u00a0Braian Cufr\u00e9\u00a0es cada vez m\u00e1s complicada.\u00a0El futbolista de V\u00e9lez recibi\u00f3 una segunda denuncia en su contra por abuso sexual.\u00a0 Una mujer acus\u00f3 al defensor por haberla violado ocho a\u00f1os atr\u00e1s.\u00a0La Justicia le otorg\u00f3 [&hellip;]<\/p>\n","protected":false},"author":2,"featured_media":2969,"comment_status":"open","ping_status":"open","sticky":false,"template":"","format":"standard","meta":{"footnotes":""},"categories":[14],"tags":[],"_links":{"self":[{"href":"https:\/\/enlamira.info\/index.php\/wp-json\/wp\/v2\/posts\/2967"}],"collection":[{"href":"https:\/\/enlamira.info\/index.php\/wp-json\/wp\/v2\/posts"}],"about":[{"href":"https:\/\/enlamira.info\/index.php\/wp-json\/wp\/v2\/types\/post"}],"author":[{"embeddable":true,"href":"https:\/\/enlamira.info\/index.php\/wp-json\/wp\/v2\/users\/2"}],"replies":[{"embeddable":true,"href":"https:\/\/enlamira.info\/index.php\/wp-json\/wp\/v2\/comments?post=2967"}],"version-history":[{"count":2,"href":"https:\/\/enlamira.info\/index.php\/wp-json\/wp\/v2\/posts\/2967\/revisions"}],"predecessor-version":[{"id":2971,"href":"https:\/\/enlamira.info\/index.php\/wp-json\/wp\/v2\/posts\/2967\/revisions\/2971"}],"wp:featuredmedia":[{"embeddable":true,"href":"https:\/\/enlamira.info\/index.php\/wp-json\/wp\/v2\/media\/2969"}],"wp:attachment":[{"href":"https:\/\/enlamira.info\/index.php\/wp-json\/wp\/v2\/media?parent=2967"}],"wp:term":[{"taxonomy":"category","embeddable":true,"href":"https:\/\/enlamira.info\/index.php\/wp-json\/wp\/v2\/categories?post=2967"},{"taxonomy":"post_tag","embeddable":true,"href":"https:\/\/enlamira.info\/index.php\/wp-json\/wp\/v2\/tags?post=2967"}],"curies":[{"name":"wp","href":"https:\/\/api.w.org\/{rel}","templated":true}]}}