{"id":2949,"date":"2024-04-09T11:28:28","date_gmt":"2024-04-09T14:28:28","guid":{"rendered":"https:\/\/enlamira.info\/?p=2949"},"modified":"2024-04-10T11:23:35","modified_gmt":"2024-04-10T14:23:35","slug":"el-gigante-europeo-que-se-fijo-en-alan-varela-y-la-elevada-cifra-que-pide-el-porto","status":"publish","type":"post","link":"https:\/\/enlamira.info\/index.php\/2024\/04\/09\/el-gigante-europeo-que-se-fijo-en-alan-varela-y-la-elevada-cifra-que-pide-el-porto\/","title":{"rendered":"El gigante europeo que se fij\u00f3 en Alan Varela y la elevada cifra que pide el Porto"},"content":{"rendered":"\n<p>El ex mediocampista de Boca tiene muchas chances de participar de los Juegos Ol\u00edmpicos de Par\u00eds 2024 con la Selecci\u00f3n Argentina Sub-23<\/p>\n\n\n\n<p>Desde que se fue de\u00a0Boca\u00a0vendido al Porto de Portugal,\u00a0Alan Varela no necesit\u00f3 adaptaci\u00f3n para brillar en su nuevo equipo, y supo ganarse la titularidad indiscutida de manera r\u00e1pida convirti\u00e9ndose en una estandarte.<\/p>\n\n\n\n<p>El volante surgido en el Xeneize tuvo actuaciones m\u00e1s que destacadas tanto el la liga local como en la\u00a0UEFA\u00a0Champions\u00a0League\u00a0con el equipo portugu\u00e9s, y eso le est\u00e1 brindado muchas oportunidades.<\/p>\n\n\n\n<p>Es que no solo est\u00e1 siendo observado de cerca por Lionel Scaloni para la Selecci\u00f3n Argentina en el corto plazo, sino que tambi\u00e9n\u00a0est\u00e1 en la mira de un gigante europeo.<\/p>\n\n\n\n<p>El Borussia Dortmund es el equipo que tiene en sus planes un posible fichaje de Varela, aunque, de querer hacerse con sus servicios, no la tendr\u00e1n nada f\u00e1cil.<\/p>\n\n\n\n<p>El Porto no dejar\u00e1 salir as\u00ed como si nada a uno de sus jugadores m\u00e1s prometedores, y es por eso que\u00a0lo tasaron nada m\u00e1s y nada menos que en 70 millones de euros.<\/p>\n\n\n\n<p>Cabe recordar que\u00a0Discoteca se perfila como una de las opciones en el mediocampo para Javier Mascherano en la Selecci\u00f3n Argentina Sub-23\u00a0de cara a los Juegos Ol\u00edmpicos de Par\u00eds 2024.<\/p>\n","protected":false},"excerpt":{"rendered":"<p>El ex mediocampista de Boca tiene muchas chances de participar de los Juegos Ol\u00edmpicos de Par\u00eds 2024 con la Selecci\u00f3n Argentina Sub-23 Desde que se fue de\u00a0Boca\u00a0vendido al Porto de Portugal,\u00a0Alan Varela no necesit\u00f3 adaptaci\u00f3n para brillar en su nuevo equipo, y supo ganarse la titularidad indiscutida de manera r\u00e1pida convirti\u00e9ndose en una estandarte. El [&hellip;]<\/p>\n","protected":false},"author":2,"featured_media":2951,"comment_status":"open","ping_status":"open","sticky":false,"template":"","format":"standard","meta":{"footnotes":""},"categories":[14],"tags":[],"_links":{"self":[{"href":"https:\/\/enlamira.info\/index.php\/wp-json\/wp\/v2\/posts\/2949"}],"collection":[{"href":"https:\/\/enlamira.info\/index.php\/wp-json\/wp\/v2\/posts"}],"about":[{"href":"https:\/\/enlamira.info\/index.php\/wp-json\/wp\/v2\/types\/post"}],"author":[{"embeddable":true,"href":"https:\/\/enlamira.info\/index.php\/wp-json\/wp\/v2\/users\/2"}],"replies":[{"embeddable":true,"href":"https:\/\/enlamira.info\/index.php\/wp-json\/wp\/v2\/comments?post=2949"}],"version-history":[{"count":2,"href":"https:\/\/enlamira.info\/index.php\/wp-json\/wp\/v2\/posts\/2949\/revisions"}],"predecessor-version":[{"id":2953,"href":"https:\/\/enlamira.info\/index.php\/wp-json\/wp\/v2\/posts\/2949\/revisions\/2953"}],"wp:featuredmedia":[{"embeddable":true,"href":"https:\/\/enlamira.info\/index.php\/wp-json\/wp\/v2\/media\/2951"}],"wp:attachment":[{"href":"https:\/\/enlamira.info\/index.php\/wp-json\/wp\/v2\/media?parent=2949"}],"wp:term":[{"taxonomy":"category","embeddable":true,"href":"https:\/\/enlamira.info\/index.php\/wp-json\/wp\/v2\/categories?post=2949"},{"taxonomy":"post_tag","embeddable":true,"href":"https:\/\/enlamira.info\/index.php\/wp-json\/wp\/v2\/tags?post=2949"}],"curies":[{"name":"wp","href":"https:\/\/api.w.org\/{rel}","templated":true}]}}