{"id":2913,"date":"2024-04-08T11:48:08","date_gmt":"2024-04-08T14:48:08","guid":{"rendered":"https:\/\/enlamira.info\/?p=2913"},"modified":"2024-04-08T11:52:34","modified_gmt":"2024-04-08T14:52:34","slug":"con-la-presencia-de-karina-milei-la-libertad-avanza-lanzo-oficialmente-su-partido-en-caba","status":"publish","type":"post","link":"https:\/\/enlamira.info\/index.php\/2024\/04\/08\/con-la-presencia-de-karina-milei-la-libertad-avanza-lanzo-oficialmente-su-partido-en-caba\/","title":{"rendered":"Con la presencia de Karina Milei, La Libertad Avanza lanz\u00f3 oficialmente su partido en CABA"},"content":{"rendered":"\n<p>La secretaria general de la Presidencia encabez\u00f3 este domingo el evento de presentaci\u00f3n del nuevo espacio libertario en CABA, junto al titular de la C\u00e1mara de Diputados, Mart\u00edn Menem, y a Bertie Benegas Lynch. La cita fue en un bar en Palermo, donde asistieron cerca de mil personas.<\/p>\n\n\n\n<p>En un bar p\u00fablico del barrio de\u00a0Palermo, la secretaria general de la Presidencia,\u00a0Karina\u00a0Milei\u00a0encabez\u00f3 esta tarde el lanzamiento oficial del partido\u00a0La Libertad\u00a0Avanza\u00a0en la Ciudad Aut\u00f3noma de Buenos Aires, como parte de su trabajo de armadora del espacio a nivel nacional y con vistas a las elecciones legislativas del 2025.<\/p>\n\n\n\n<p>La funcionaria nacional fue la encargada de recibir a los cerca de mil j\u00f3venes que se acercaron hasta el lugar con documento en mano y, tras hacer una larga cola que en un momento lleg\u00f3 a tener una extensi\u00f3n de tres cuadras, pudieron ingresar al sal\u00f3n principal del establecimiento, donde un grupo de empleados les tomaron los datos para iniciarles el proceso de pre-afiliaci\u00f3n.<\/p>\n\n\n\n<p>Los chicos fueron conducidos a algunas de las mesas disponibles para que pudieran llenar el formulario y, una vez finalizado el tr\u00e1mite, ten\u00edan la posibilidad de quedarse unos minutos conversando con alguno de los dirigentes libertarios. Vale resaltar, que era requisito excluyente para poder asistir el \u201ctener domicilio en CABA\u201d.<\/p>\n\n\n\n<p>Adem\u00e1s, participaron del encuentro el presidente de la C\u00e1mara de Diputados,\u00a0Mart\u00edn Menem, el diputado Bertie\u00a0Benegas Lynch, el secretario de Cultura de la Naci\u00f3n,\u00a0Leonardo Cifelli, la diputada Lilia Lemoine\u00a0y los legisladores bonaerenses,\u00a0Agust\u00edn Romo, y de Tierra del Fuego, Agust\u00edn Coto.<\/p>\n","protected":false},"excerpt":{"rendered":"<p>La secretaria general de la Presidencia encabez\u00f3 este domingo el evento de presentaci\u00f3n del nuevo espacio libertario en CABA, junto al titular de la C\u00e1mara de Diputados, Mart\u00edn Menem, y a Bertie Benegas Lynch. La cita fue en un bar en Palermo, donde asistieron cerca de mil personas. En un bar p\u00fablico del barrio de\u00a0Palermo, [&hellip;]<\/p>\n","protected":false},"author":2,"featured_media":2915,"comment_status":"open","ping_status":"open","sticky":false,"template":"","format":"standard","meta":{"footnotes":""},"categories":[20],"tags":[],"_links":{"self":[{"href":"https:\/\/enlamira.info\/index.php\/wp-json\/wp\/v2\/posts\/2913"}],"collection":[{"href":"https:\/\/enlamira.info\/index.php\/wp-json\/wp\/v2\/posts"}],"about":[{"href":"https:\/\/enlamira.info\/index.php\/wp-json\/wp\/v2\/types\/post"}],"author":[{"embeddable":true,"href":"https:\/\/enlamira.info\/index.php\/wp-json\/wp\/v2\/users\/2"}],"replies":[{"embeddable":true,"href":"https:\/\/enlamira.info\/index.php\/wp-json\/wp\/v2\/comments?post=2913"}],"version-history":[{"count":1,"href":"https:\/\/enlamira.info\/index.php\/wp-json\/wp\/v2\/posts\/2913\/revisions"}],"predecessor-version":[{"id":2914,"href":"https:\/\/enlamira.info\/index.php\/wp-json\/wp\/v2\/posts\/2913\/revisions\/2914"}],"wp:featuredmedia":[{"embeddable":true,"href":"https:\/\/enlamira.info\/index.php\/wp-json\/wp\/v2\/media\/2915"}],"wp:attachment":[{"href":"https:\/\/enlamira.info\/index.php\/wp-json\/wp\/v2\/media?parent=2913"}],"wp:term":[{"taxonomy":"category","embeddable":true,"href":"https:\/\/enlamira.info\/index.php\/wp-json\/wp\/v2\/categories?post=2913"},{"taxonomy":"post_tag","embeddable":true,"href":"https:\/\/enlamira.info\/index.php\/wp-json\/wp\/v2\/tags?post=2913"}],"curies":[{"name":"wp","href":"https:\/\/api.w.org\/{rel}","templated":true}]}}