{"id":2908,"date":"2024-04-08T11:46:42","date_gmt":"2024-04-08T14:46:42","guid":{"rendered":"https:\/\/enlamira.info\/?p=2908"},"modified":"2024-04-08T11:53:38","modified_gmt":"2024-04-08T14:53:38","slug":"martin-menem-desmintio-a-francos-el-impuesto-a-las-ganancias-ira-en-otra-etapa","status":"publish","type":"post","link":"https:\/\/enlamira.info\/index.php\/2024\/04\/08\/martin-menem-desmintio-a-francos-el-impuesto-a-las-ganancias-ira-en-otra-etapa\/","title":{"rendered":"Mart\u00edn Menem desminti\u00f3 a Francos: \u201cEl impuesto a las Ganancias ir\u00e1 en otra etapa\u201d"},"content":{"rendered":"\n<p>Luego de que el ministro del Interior revelara el avance en las negociaciones con mandatarios provinciales pertenecientes al espacio de lo que era Juntos por el Cambio para reinstaurar el tributo, el presidente de la C\u00e1mara de Diputados asegur\u00f3 que \u201cno se tratar\u00e1 a corto plazo\u201d.<\/p>\n\n\n\n<p>El presidente de la C\u00e1mara de Diputados,\u00a0Mart\u00edn\u00a0Menem\u00a0afirm\u00f3 este domingo que la restituci\u00f3n del\u00a0Impuesto a las Ganancias\u00a0no ser\u00e1 inmediata y se\u00a0diferenci\u00f3 del ministro del Interior,\u00a0Guillermo\u00a0Francos, que m\u00e1s temprano hab\u00eda anticipado que las negociaciones con mandatarios provinciales del ex Juntos por el Cambio hab\u00edan avanzado para reinstaurar el tributo v\u00eda Congreso, con un piso de entre\u00a0$1.500.000 y $2.000.000.<\/p>\n\n\n\n<p>Menem\u00a0indic\u00f3 que el debate se dar\u00e1\u00a0\u201cen otra etapa\u201d\u00a0en el \u00e1mbito legislativo y la decisi\u00f3n no estar\u00e1 atada al debate de la recortada\u00a0Ley \u00d3mnibus, que a\u00fan demora el Ejecutivo y el Congreso espera para los pr\u00f3ximos d\u00edas.<\/p>\n\n\n\n<p>Una de las preocupaciones principales en despachos oficialistas es la falta de sincronizaci\u00f3n con los funcionarios nacionales que negocian con bloques autodenominados \u201cdialoguistas\u201d con la Casa Rosada. \u201cNo nos enteramos lo que discuten con gobernadores. Tampoco con legisladores. Nos actualizamos con los medios o si alg\u00fan colega comenta en privado. \u00bfAs\u00ed van a querer aprobar la ley?\u201d, alert\u00f3 un libertario.<\/p>\n\n\n\n<p>El titular del bloque libertario en la C\u00e1mara baja habl\u00f3 en el\u00a0evento\u00a0de preafiliaci\u00f3n de La Libertad Avanza en la Ciudad de Buenos Aires, una reuni\u00f3n fomentada por la secretaria general de la Presidencia y hermana del jefe de Estado,\u00a0Javier Milei.<\/p>\n\n\n\n<p>En un bar p\u00fablico del barrio de\u00a0Palermo, la secretaria general de la Presidencia,\u00a0Karina\u00a0Milei\u00a0encabez\u00f3 este domingo el lanzamiento oficial del partido\u00a0La Libertad\u00a0Avanza\u00a0en la Ciudad Aut\u00f3noma de Buenos Aires, como parte de su trabajo de armadora del espacio a nivel nacional y con vistas a las elecciones legislativas del 2025.<\/p>\n\n\n\n<p>El acto se realiza desde las 17:00 en\u00a0India Bar, ubicado sobre la calle\u00a0Godoy Cruz al 1752, y junto a la secretaria general de la Presidencia se encuentran el titular de la C\u00e1mara de Diputados,\u00a0Mart\u00edn Menem, y Bertie Benegas Lynch, uno de los principales referentes del bloque en ese recinto.<\/p>\n\n\n\n<p>La funcionaria y hermana del primer mandatario es la encargada de recibir a los seguidores de la agrupaci\u00f3n que en menos de tres a\u00f1os logr\u00f3 llegar a la Casa Rosada, en gran parte gracias al apoyo de personas atra\u00eddas por el discurso del libertario.<\/p>\n\n\n\n<p>En aquel momento, para poder competir contra estructuras m\u00e1s armadas, como Juntos por el Cambio y Uni\u00f3n por la Patria, el propio\u00a0Javier Milei\u00a0y su equipo recorrieron el pa\u00eds y formaron alianzas con distintos sellos provinciales que luego ocuparon distintos lugares en las listas.<\/p>\n","protected":false},"excerpt":{"rendered":"<p>Luego de que el ministro del Interior revelara el avance en las negociaciones con mandatarios provinciales pertenecientes al espacio de lo que era Juntos por el Cambio para reinstaurar el tributo, el presidente de la C\u00e1mara de Diputados asegur\u00f3 que \u201cno se tratar\u00e1 a corto plazo\u201d. El presidente de la C\u00e1mara de Diputados,\u00a0Mart\u00edn\u00a0Menem\u00a0afirm\u00f3 este domingo [&hellip;]<\/p>\n","protected":false},"author":2,"featured_media":2910,"comment_status":"open","ping_status":"open","sticky":false,"template":"","format":"standard","meta":{"footnotes":""},"categories":[20],"tags":[],"_links":{"self":[{"href":"https:\/\/enlamira.info\/index.php\/wp-json\/wp\/v2\/posts\/2908"}],"collection":[{"href":"https:\/\/enlamira.info\/index.php\/wp-json\/wp\/v2\/posts"}],"about":[{"href":"https:\/\/enlamira.info\/index.php\/wp-json\/wp\/v2\/types\/post"}],"author":[{"embeddable":true,"href":"https:\/\/enlamira.info\/index.php\/wp-json\/wp\/v2\/users\/2"}],"replies":[{"embeddable":true,"href":"https:\/\/enlamira.info\/index.php\/wp-json\/wp\/v2\/comments?post=2908"}],"version-history":[{"count":2,"href":"https:\/\/enlamira.info\/index.php\/wp-json\/wp\/v2\/posts\/2908\/revisions"}],"predecessor-version":[{"id":2912,"href":"https:\/\/enlamira.info\/index.php\/wp-json\/wp\/v2\/posts\/2908\/revisions\/2912"}],"wp:featuredmedia":[{"embeddable":true,"href":"https:\/\/enlamira.info\/index.php\/wp-json\/wp\/v2\/media\/2910"}],"wp:attachment":[{"href":"https:\/\/enlamira.info\/index.php\/wp-json\/wp\/v2\/media?parent=2908"}],"wp:term":[{"taxonomy":"category","embeddable":true,"href":"https:\/\/enlamira.info\/index.php\/wp-json\/wp\/v2\/categories?post=2908"},{"taxonomy":"post_tag","embeddable":true,"href":"https:\/\/enlamira.info\/index.php\/wp-json\/wp\/v2\/tags?post=2908"}],"curies":[{"name":"wp","href":"https:\/\/api.w.org\/{rel}","templated":true}]}}