{"id":2904,"date":"2024-04-08T11:45:37","date_gmt":"2024-04-08T14:45:37","guid":{"rendered":"https:\/\/enlamira.info\/?p=2904"},"modified":"2024-04-08T11:55:01","modified_gmt":"2024-04-08T14:55:01","slug":"benegas-lynch-afirmo-que-no-cree-en-la-educacion-obligatoria-y-sugirio-que-los-ninos-pueden-ir-a-trabajar","status":"publish","type":"post","link":"https:\/\/enlamira.info\/index.php\/2024\/04\/08\/benegas-lynch-afirmo-que-no-cree-en-la-educacion-obligatoria-y-sugirio-que-los-ninos-pueden-ir-a-trabajar\/","title":{"rendered":"Benegas Lynch afirm\u00f3 que \u201cno cree en la educaci\u00f3n obligatoria\u201d y sugiri\u00f3 que los ni\u00f1os \u201cpueden ir a trabajar\u201d"},"content":{"rendered":"\n<p>El diputado libertario desestim\u00f3 la importancia de \u201cmandar\u201d a los j\u00f3venes al colegio e indic\u00f3 que sus padres pueden \u201chacerlos trabajar\u201d si as\u00ed lo requieren.<\/p>\n\n\n\n<p>El diputado nacional de La Libertad Avanza,\u00a0Alberto \u201cBertie\u201d\u00a0Benegas\u00a0Lynch, analiz\u00f3 el estado de la educaci\u00f3n en la Argentina y expres\u00f3 que \u201cno cree\u201d en la asistencia obligatoria de los chicos al colegio.<\/p>\n\n\n\n<p>En esa l\u00ednea, el legislador libertario manifest\u00f3: \u201cLa libertad tambi\u00e9n es que si no quer\u00e9s mandar al colegio a tu hijo porque lo necesitas en el taller, puedas hacerlo\u201d.<\/p>\n\n\n\n<p>\u201cDecimos que es importante la educaci\u00f3n, c\u00f3mo se te ocurre darle a un comit\u00e9 de bur\u00f3cratas la decisi\u00f3n de la educaci\u00f3n. Si creemos que tenemos para los micr\u00f3fonos, para el caf\u00e9, los autos y los anteojos tener competencia y la cosa lo m\u00e1s abierta posible, c\u00f3mo en la educaci\u00f3n, que es lo m\u00e1s importante, vamos a tener esa cerraz\u00f3n\u201d, expres\u00f3\u00a0Benegas\u00a0Lynch\u00a0en FM Milenium.<\/p>\n\n\n\n<p>Y agreg\u00f3: Muchas veces los padres no se pueden dar el lujo de mandar a los hijos al colegio\u201d, y cuestion\u00f3: \u201c\u00bfC\u00f3mo va a decidir el Estado sobre el chico?\u201d.<\/p>\n\n\n\n<p>\u201cCreo en el individuo, creo en las decisiones que tomemos de nuestra vida y que el Estado est\u00e1 solamente para proteger derechos individuales\u201d, concluy\u00f3\u00a0Benegas Lynch\u00a0luego de expresar su terrible opini\u00f3n.<\/p>\n\n\n\n<figure class=\"wp-block-image size-large\"><img loading=\"lazy\" decoding=\"async\" width=\"518\" height=\"1024\" src=\"https:\/\/enlamira.info\/wp-content\/uploads\/2024\/04\/image-10-518x1024.png\" alt=\"\" class=\"wp-image-2905\" srcset=\"https:\/\/enlamira.info\/wp-content\/uploads\/2024\/04\/image-10-518x1024.png 518w, https:\/\/enlamira.info\/wp-content\/uploads\/2024\/04\/image-10-152x300.png 152w, https:\/\/enlamira.info\/wp-content\/uploads\/2024\/04\/image-10.png 586w\" sizes=\"(max-width: 518px) 100vw, 518px\" \/><\/figure>\n\n\n\n<p>Ante la pol\u00e9mica frase, cientos de usuarios opinaron en X, ex Twitter, y lo acusaron de defender la explotaci\u00f3n infantil.<\/p>\n","protected":false},"excerpt":{"rendered":"<p>El diputado libertario desestim\u00f3 la importancia de \u201cmandar\u201d a los j\u00f3venes al colegio e indic\u00f3 que sus padres pueden \u201chacerlos trabajar\u201d si as\u00ed lo requieren. El diputado nacional de La Libertad Avanza,\u00a0Alberto \u201cBertie\u201d\u00a0Benegas\u00a0Lynch, analiz\u00f3 el estado de la educaci\u00f3n en la Argentina y expres\u00f3 que \u201cno cree\u201d en la asistencia obligatoria de los chicos al [&hellip;]<\/p>\n","protected":false},"author":2,"featured_media":2907,"comment_status":"open","ping_status":"open","sticky":false,"template":"","format":"standard","meta":{"footnotes":""},"categories":[20],"tags":[],"_links":{"self":[{"href":"https:\/\/enlamira.info\/index.php\/wp-json\/wp\/v2\/posts\/2904"}],"collection":[{"href":"https:\/\/enlamira.info\/index.php\/wp-json\/wp\/v2\/posts"}],"about":[{"href":"https:\/\/enlamira.info\/index.php\/wp-json\/wp\/v2\/types\/post"}],"author":[{"embeddable":true,"href":"https:\/\/enlamira.info\/index.php\/wp-json\/wp\/v2\/users\/2"}],"replies":[{"embeddable":true,"href":"https:\/\/enlamira.info\/index.php\/wp-json\/wp\/v2\/comments?post=2904"}],"version-history":[{"count":1,"href":"https:\/\/enlamira.info\/index.php\/wp-json\/wp\/v2\/posts\/2904\/revisions"}],"predecessor-version":[{"id":2906,"href":"https:\/\/enlamira.info\/index.php\/wp-json\/wp\/v2\/posts\/2904\/revisions\/2906"}],"wp:featuredmedia":[{"embeddable":true,"href":"https:\/\/enlamira.info\/index.php\/wp-json\/wp\/v2\/media\/2907"}],"wp:attachment":[{"href":"https:\/\/enlamira.info\/index.php\/wp-json\/wp\/v2\/media?parent=2904"}],"wp:term":[{"taxonomy":"category","embeddable":true,"href":"https:\/\/enlamira.info\/index.php\/wp-json\/wp\/v2\/categories?post=2904"},{"taxonomy":"post_tag","embeddable":true,"href":"https:\/\/enlamira.info\/index.php\/wp-json\/wp\/v2\/tags?post=2904"}],"curies":[{"name":"wp","href":"https:\/\/api.w.org\/{rel}","templated":true}]}}