{"id":2901,"date":"2024-04-08T11:44:05","date_gmt":"2024-04-08T14:44:05","guid":{"rendered":"https:\/\/enlamira.info\/?p=2901"},"modified":"2024-04-08T11:56:10","modified_gmt":"2024-04-08T14:56:10","slug":"milei-hablo-del-fin-del-cepo-y-aseguro-la-argentina-va-a-empezar-a-despegar","status":"publish","type":"post","link":"https:\/\/enlamira.info\/index.php\/2024\/04\/08\/milei-hablo-del-fin-del-cepo-y-aseguro-la-argentina-va-a-empezar-a-despegar\/","title":{"rendered":"Milei habl\u00f3 del fin del cepo y asegur\u00f3: \u201cLa Argentina va a empezar a despegar\u201d"},"content":{"rendered":"\n<p>El Presidente sostuvo que \u201chay muchos elementos para ser optimistas\u201d y habl\u00f3 de una reforma del sistema penitenciario, el cual ser\u00eda ofrecido a empresas de bienes ra\u00edces a cambio de la construcci\u00f3n de nuevas c\u00e1rceles.<\/p>\n\n\n\n<p>El mandatario argentino\u00a0Javier Milei\u00a0afirm\u00f3 que \u201cla Argentina va a empezar a despegar muy fuertemente\u201d\u00a0cuando se levante el cepo cambiario y se refiri\u00f3 a un nuevo proyecto dentro del\u00a0sistema carcelario, el cual\u00a0ser\u00eda ofrecido a empresas privadas\u00a0para su administraci\u00f3n.<\/p>\n\n\n\n<p>\u201cEn primer lugar, si bien\u00a0el 70% de los argentinos reconocen que hoy est\u00e1n peor, hay algo que es muy importante: cuando nosotros iniciamos el mandato en diciembre, solo el 20% de los argentinos cre\u00edan que de cara a los pr\u00f3ximos seis meses \u00edbamos a estar mejor. Ese n\u00famero trep\u00f3 a 30 en enero. Trep\u00f3 a 42 en febrero. Hoy est\u00e1 en el 50%, y\u00a0la mitad de los argentinos cree que de cara a los pr\u00f3ximos seis meses vamos a estar mejor\u201c, sostuvo Milei.<\/p>\n\n\n\n<p>En referencia\u00a0al fin del cepo cambiario, detall\u00f3 que llegar\u00eda una vez que se puedan\u00a0eliminar los pasivos remunerados\u00a0y se logre\u00a0sanear el balance del Banco Central. En ese sentido, indic\u00f3: \u201cEl FMI, cuando hace las cuentas, da que\u00a0podr\u00edamos llegar a mitad de a\u00f1o, pero eso depende de la voluntad de los individuos de canjear t\u00edtulos\u201d. \u201cNuestra esperanza es que podamos entrar al segundo semestre en esa condici\u00f3n\u201d, detall\u00f3.<\/p>\n\n\n\n<p>En di\u00e1logo con<em>\u00a0CNN en Espa\u00f1ol<\/em>, el mandatario tambi\u00e9n toc\u00f3 otro punto que llam\u00f3 la atenci\u00f3n: el de la\u00a0reforma del sistema penitenciario\u00a0y la construcci\u00f3n de\u00a0megaprisiones\u00a0de entre 5000 y 6000 espacios en sinton\u00eda con\u00a0Nayib Bukele.<\/p>\n\n\n\n<p>\u201cHay c\u00e1rceles que se dise\u00f1aron y se hicieron en un determinado momento de la historia, pero el crecimiento de la poblaci\u00f3n hizo que eso se volviera una zona urbanizada. Entonces, \u00bfqu\u00e9 es lo que lo que estamos pensando hacer?\u00a0Vender esas c\u00e1rceles a empresas que se dedican al Real Estate. Y\u00a0que esa empresa financie la construcci\u00f3n de una nueva c\u00e1rcel alejado de la ciudad. Y entonces nos vamos a una c\u00e1rcel de mayor seguridad, de mejor calidad y mejores prestaciones, m\u00e1s grandes, y sin gastar un solo peso\u201d, coment\u00f3.<\/p>\n\n\n\n<p>Y agreg\u00f3: \u201cTendr\u00eda que ver c\u00f3mo se instrumenta eso, pero\u00a0en principio no tendr\u00eda que tener resistencia. Me parece que la sociedad est\u00e1 tomando conciencia de que el que las hace las paga, y eso funciona\u201d.<\/p>\n\n\n\n<p>En referencia a sus\u00a0pr\u00f3ximo viajes, Milei coment\u00f3: \u201cTenemos que viajar para la reuni\u00f3n del G7, que agradezco enormemente a la presidente Giorgia Meloni por haberme invitado. Tambi\u00e9n tengo que ir a\u00a0Madrid\u00a0a recibir el premio Juan de Mariana. Despu\u00e9s a\u00a0Alemania\u00a0a recibir la medalla de honor Hayek. Y entonces, en ese mismo viaje, voy a estar intentando tener una reuni\u00f3n con Olaf Scholz en Alemania, Emmanuel Macron en\u00a0Francia, y obviamente que mi intenci\u00f3n es ir a visitarlo a\u00a0Volodimir Zelensky en Ucrania\u201c.<\/p>\n","protected":false},"excerpt":{"rendered":"<p>El Presidente sostuvo que \u201chay muchos elementos para ser optimistas\u201d y habl\u00f3 de una reforma del sistema penitenciario, el cual ser\u00eda ofrecido a empresas de bienes ra\u00edces a cambio de la construcci\u00f3n de nuevas c\u00e1rceles. El mandatario argentino\u00a0Javier Milei\u00a0afirm\u00f3 que \u201cla Argentina va a empezar a despegar muy fuertemente\u201d\u00a0cuando se levante el cepo cambiario y [&hellip;]<\/p>\n","protected":false},"author":2,"featured_media":2903,"comment_status":"open","ping_status":"open","sticky":false,"template":"","format":"standard","meta":{"footnotes":""},"categories":[20],"tags":[],"_links":{"self":[{"href":"https:\/\/enlamira.info\/index.php\/wp-json\/wp\/v2\/posts\/2901"}],"collection":[{"href":"https:\/\/enlamira.info\/index.php\/wp-json\/wp\/v2\/posts"}],"about":[{"href":"https:\/\/enlamira.info\/index.php\/wp-json\/wp\/v2\/types\/post"}],"author":[{"embeddable":true,"href":"https:\/\/enlamira.info\/index.php\/wp-json\/wp\/v2\/users\/2"}],"replies":[{"embeddable":true,"href":"https:\/\/enlamira.info\/index.php\/wp-json\/wp\/v2\/comments?post=2901"}],"version-history":[{"count":1,"href":"https:\/\/enlamira.info\/index.php\/wp-json\/wp\/v2\/posts\/2901\/revisions"}],"predecessor-version":[{"id":2902,"href":"https:\/\/enlamira.info\/index.php\/wp-json\/wp\/v2\/posts\/2901\/revisions\/2902"}],"wp:featuredmedia":[{"embeddable":true,"href":"https:\/\/enlamira.info\/index.php\/wp-json\/wp\/v2\/media\/2903"}],"wp:attachment":[{"href":"https:\/\/enlamira.info\/index.php\/wp-json\/wp\/v2\/media?parent=2901"}],"wp:term":[{"taxonomy":"category","embeddable":true,"href":"https:\/\/enlamira.info\/index.php\/wp-json\/wp\/v2\/categories?post=2901"},{"taxonomy":"post_tag","embeddable":true,"href":"https:\/\/enlamira.info\/index.php\/wp-json\/wp\/v2\/tags?post=2901"}],"curies":[{"name":"wp","href":"https:\/\/api.w.org\/{rel}","templated":true}]}}