{"id":2878,"date":"2024-04-08T11:37:56","date_gmt":"2024-04-08T14:37:56","guid":{"rendered":"https:\/\/enlamira.info\/?p=2878"},"modified":"2024-04-08T11:59:48","modified_gmt":"2024-04-08T14:59:48","slug":"camioneros-definira-si-llama-a-un-paro-de-48-horas-y-cuestiono-a-caputo","status":"publish","type":"post","link":"https:\/\/enlamira.info\/index.php\/2024\/04\/08\/camioneros-definira-si-llama-a-un-paro-de-48-horas-y-cuestiono-a-caputo\/","title":{"rendered":"Camioneros definir\u00e1 si llama a un paro de 48 horas y cuestion\u00f3 a Caputo"},"content":{"rendered":"\n<p>En declaraciones radiales, Pablo Moyano pidi\u00f3 la homologaci\u00f3n urgente del convenio salarial y chicane\u00f3 al ministro de Econom\u00eda. \u201cSe va a decidir un paro de 48 horas de camioneros si no se abona la totalidad del aumento\u201d, expres\u00f3 el gremialista.<\/p>\n\n\n\n<p>El dirigente de Camioneros\u00a0Pablo\u00a0Moyano\u00a0reclam\u00f3 nuevamente este lunes que el ministerio de Econom\u00eda homologue el\u00a0aumento\u00a0salarial convenido entre el gremio y los empresarios del sector, algo que se viene demorando desde la cartera oficial y que gener\u00f3 una amenaza de paro que podr\u00eda terminar de definirse este jueves.<\/p>\n\n\n\n<p>\u201c\u00bfQui\u00e9n es (el ministro Luis)\u00a0Caputo\u00a0para meterse en un\u00a0acuerdo\u00a0entre privados? Tanto que hablan de la libertad. Yo le recomendar\u00eda que se suba a un cami\u00f3n, que est\u00e9 un mes fuera de su casa, que viaje a Brasil, que viaje a Chile, con todo lo que eso implica. A ver si un camionero no tiene que cobrar un sueldo digno como se ha firmado\u201d, asegur\u00f3 el secretario general adjunto del gremio del transporte en una entrevista reciente con Radio 10.<\/p>\n\n\n\n<p>En marzo, la Federaci\u00f3n Nacional de Trabajadores\u00a0Camioneros\u00a0acord\u00f3 con los representantes de las c\u00e1maras empresariales un aumento salarial del 45% en dos tramos: un 25% en marzo y un 20% en abril.<\/p>\n\n\n\n<p>Sin embargo, desde la\u00a0Secretar\u00eda de Trabajo\u00a0que encabeza\u00a0Julio Cordero\u00a0a\u00fan no homologaron la paritaria con el argumento de que el acuerdo alcanzado entre el gremio y las patronales supera el tope impuesto por el Ministerio de Econom\u00eda.<\/p>\n\n\n\n<p>\u201cEl jueves 11 va a haber un congreso nacional de la federacion de camioneros donde se va a analizar este rechazo del Gobierno. Y seguramente ah\u00ed se va a decidir un paro de 48 horas de camioneros si no se abona la totalidad del aumento\u201d, advirti\u00f3\u00a0Moyano\u00a0este lunes.<\/p>\n\n\n\n<p>Y chicane\u00f3 al ministro de\u00a0Econom\u00eda, exfuncionario durante la presidencia de\u00a0Mauricio Macri, cuando fue titular del Ministerio de Finanzas.<\/p>\n\n\n\n<p>\u201cSabemos qui\u00e9n es Caputo. El que nos endeud\u00f3 por 45 mil millones de d\u00f3lares con el otro delincuente de\u00a0Macri. Quieren congelar, quieren eliminar (las paritarias). Cuando se habla de reforma laboral es esto: romper los convenios colectivos de trabajo. Eso es lo que quieren eliminar\u201d, dijo el gremialista.<\/p>\n","protected":false},"excerpt":{"rendered":"<p>En declaraciones radiales, Pablo Moyano pidi\u00f3 la homologaci\u00f3n urgente del convenio salarial y chicane\u00f3 al ministro de Econom\u00eda. \u201cSe va a decidir un paro de 48 horas de camioneros si no se abona la totalidad del aumento\u201d, expres\u00f3 el gremialista. El dirigente de Camioneros\u00a0Pablo\u00a0Moyano\u00a0reclam\u00f3 nuevamente este lunes que el ministerio de Econom\u00eda homologue el\u00a0aumento\u00a0salarial convenido [&hellip;]<\/p>\n","protected":false},"author":2,"featured_media":2881,"comment_status":"open","ping_status":"open","sticky":false,"template":"","format":"standard","meta":{"footnotes":""},"categories":[20],"tags":[],"_links":{"self":[{"href":"https:\/\/enlamira.info\/index.php\/wp-json\/wp\/v2\/posts\/2878"}],"collection":[{"href":"https:\/\/enlamira.info\/index.php\/wp-json\/wp\/v2\/posts"}],"about":[{"href":"https:\/\/enlamira.info\/index.php\/wp-json\/wp\/v2\/types\/post"}],"author":[{"embeddable":true,"href":"https:\/\/enlamira.info\/index.php\/wp-json\/wp\/v2\/users\/2"}],"replies":[{"embeddable":true,"href":"https:\/\/enlamira.info\/index.php\/wp-json\/wp\/v2\/comments?post=2878"}],"version-history":[{"count":1,"href":"https:\/\/enlamira.info\/index.php\/wp-json\/wp\/v2\/posts\/2878\/revisions"}],"predecessor-version":[{"id":2879,"href":"https:\/\/enlamira.info\/index.php\/wp-json\/wp\/v2\/posts\/2878\/revisions\/2879"}],"wp:featuredmedia":[{"embeddable":true,"href":"https:\/\/enlamira.info\/index.php\/wp-json\/wp\/v2\/media\/2881"}],"wp:attachment":[{"href":"https:\/\/enlamira.info\/index.php\/wp-json\/wp\/v2\/media?parent=2878"}],"wp:term":[{"taxonomy":"category","embeddable":true,"href":"https:\/\/enlamira.info\/index.php\/wp-json\/wp\/v2\/categories?post=2878"},{"taxonomy":"post_tag","embeddable":true,"href":"https:\/\/enlamira.info\/index.php\/wp-json\/wp\/v2\/tags?post=2878"}],"curies":[{"name":"wp","href":"https:\/\/api.w.org\/{rel}","templated":true}]}}