{"id":2865,"date":"2024-04-08T11:33:56","date_gmt":"2024-04-08T14:33:56","guid":{"rendered":"https:\/\/enlamira.info\/?p=2865"},"modified":"2024-04-08T12:03:11","modified_gmt":"2024-04-08T15:03:11","slug":"jonatan-maidana-fue-homenajeado-en-river-por-su-retiro-profesional","status":"publish","type":"post","link":"https:\/\/enlamira.info\/index.php\/2024\/04\/08\/jonatan-maidana-fue-homenajeado-en-river-por-su-retiro-profesional\/","title":{"rendered":"Jonatan Maidana fue homenajeado en River por su retiro profesional"},"content":{"rendered":"\n<p>El defensor central jug\u00f3 13 a\u00f1os en el club de Nu\u00f1ez y alz\u00f3 16 t\u00edtulos.<\/p>\n\n\n\n<p>River\u00a0se juega parte de la clasificaci\u00f3n este domingo ante Rosario Central; sin embargo, antes tuvo tiempo para\u00a0agasajar a uno de sus \u00faltimos \u00eddolos: Jonatan Maidana.<\/p>\n\n\n\n<p>El defensor central\u00a0se retir\u00f3 en diciembre del 2023\u00a0en\u00a0<em>el Millonario<\/em>, ya que se lo relacionaba con Los Andes para un segundo ciclo pero finalmente no se concret\u00f3.<\/p>\n\n\n\n<p>La instituci\u00f3n de Nu\u00f1ez reconoci\u00f3 a Maidana con una\u00a0camiseta en\u00a0homenaje a los 318 partidos y 16 t\u00edtulos que gan\u00f3 a lo largo de sus 13 a\u00f1os<\/p>\n\n\n\n<figure class=\"wp-block-embed is-type-rich is-provider-twitter wp-block-embed-twitter\"><div class=\"wp-block-embed__wrapper\">\n<blockquote class=\"twitter-tweet\" data-width=\"550\" data-dnt=\"true\"><p lang=\"es\" dir=\"ltr\">Camiseta de la dirigencia y ovaci\u00f3n de los hinchas: todo River despidi\u00f3 a Jonatan Maidana en el Monumental<a href=\"https:\/\/twitter.com\/hashtag\/CopaDeLaLiga?src=hash&amp;ref_src=twsrc%5Etfw\">#CopaDeLaLiga<\/a> \ud83c\udde6\ud83c\uddf7 <a href=\"https:\/\/t.co\/VTmfIHiUpu\">pic.twitter.com\/VTmfIHiUpu<\/a><\/p>&mdash; Nexogol (@nexogol) <a href=\"https:\/\/twitter.com\/nexogol\/status\/1777133003585597822?ref_src=twsrc%5Etfw\">April 8, 2024<\/a><\/blockquote><script async src=\"https:\/\/platform.twitter.com\/widgets.js\" charset=\"utf-8\"><\/script>\n<\/div><\/figure>\n\n\n\n<p>La palabra de&nbsp;<em>Jony<\/em>: \u201cTermin\u00e9 gracias a Dios bien, sinti\u00e9ndome importante m\u00e1s all\u00e1 de que jugaba poco. Mis compa\u00f1eros me hac\u00edan sentir importante dentro del plantel. Cada logro que ten\u00edan, me hac\u00edan saber que era parte tambi\u00e9n as\u00ed que me saco el sombrero con ellos\u201d.<\/p>\n\n\n\n<p>Sobre su regreso desde Toluca y su nuevo rol en el plantel: \u201cDesde que volv\u00ed de M\u00e9xico y el club me abri\u00f3 las puertas, sab\u00eda que iba a terminar vistiendo esta camiseta por \u00faltima vez de manera profesional. Se dio as\u00ed, todo bastante natural. No me arrepiento de nada. Siempre voy a desear lo mejorar, tirando buenas vibras y buena energ\u00eda para que el club siga creciendo. M\u00e1s que contento por haberme retirado de manera profesional con esta camiseta\u201d.<\/p>\n\n\n\n<figure class=\"wp-block-embed is-type-rich is-provider-twitter wp-block-embed-twitter\"><div class=\"wp-block-embed__wrapper\">\n<blockquote class=\"twitter-tweet\" data-width=\"550\" data-dnt=\"true\"><p lang=\"es\" dir=\"ltr\">La despedida de una leyenda riverplatense \u2694\ufe0f\ud83d\udc4f<br><br>Jonatan Maidana le puso punto final a una carrera llena de gloria con nuestros colores y esta noche lo despedimos en casa \ud83c\udfdf\ufe0f\ud83e\udd0d\u2764\ufe0f\ud83e\udd0d <a href=\"https:\/\/t.co\/31RWeG1xiM\">pic.twitter.com\/31RWeG1xiM<\/a><\/p>&mdash; River Plate (@RiverPlate) <a href=\"https:\/\/twitter.com\/RiverPlate\/status\/1777080514140160233?ref_src=twsrc%5Etfw\">April 7, 2024<\/a><\/blockquote><script async src=\"https:\/\/platform.twitter.com\/widgets.js\" charset=\"utf-8\"><\/script>\n<\/div><\/figure>\n","protected":false},"excerpt":{"rendered":"<p>El defensor central jug\u00f3 13 a\u00f1os en el club de Nu\u00f1ez y alz\u00f3 16 t\u00edtulos. River\u00a0se juega parte de la clasificaci\u00f3n este domingo ante Rosario Central; sin embargo, antes tuvo tiempo para\u00a0agasajar a uno de sus \u00faltimos \u00eddolos: Jonatan Maidana. El defensor central\u00a0se retir\u00f3 en diciembre del 2023\u00a0en\u00a0el Millonario, ya que se lo relacionaba con [&hellip;]<\/p>\n","protected":false},"author":2,"featured_media":2867,"comment_status":"open","ping_status":"open","sticky":false,"template":"","format":"standard","meta":{"footnotes":""},"categories":[14],"tags":[],"_links":{"self":[{"href":"https:\/\/enlamira.info\/index.php\/wp-json\/wp\/v2\/posts\/2865"}],"collection":[{"href":"https:\/\/enlamira.info\/index.php\/wp-json\/wp\/v2\/posts"}],"about":[{"href":"https:\/\/enlamira.info\/index.php\/wp-json\/wp\/v2\/types\/post"}],"author":[{"embeddable":true,"href":"https:\/\/enlamira.info\/index.php\/wp-json\/wp\/v2\/users\/2"}],"replies":[{"embeddable":true,"href":"https:\/\/enlamira.info\/index.php\/wp-json\/wp\/v2\/comments?post=2865"}],"version-history":[{"count":2,"href":"https:\/\/enlamira.info\/index.php\/wp-json\/wp\/v2\/posts\/2865\/revisions"}],"predecessor-version":[{"id":2869,"href":"https:\/\/enlamira.info\/index.php\/wp-json\/wp\/v2\/posts\/2865\/revisions\/2869"}],"wp:featuredmedia":[{"embeddable":true,"href":"https:\/\/enlamira.info\/index.php\/wp-json\/wp\/v2\/media\/2867"}],"wp:attachment":[{"href":"https:\/\/enlamira.info\/index.php\/wp-json\/wp\/v2\/media?parent=2865"}],"wp:term":[{"taxonomy":"category","embeddable":true,"href":"https:\/\/enlamira.info\/index.php\/wp-json\/wp\/v2\/categories?post=2865"},{"taxonomy":"post_tag","embeddable":true,"href":"https:\/\/enlamira.info\/index.php\/wp-json\/wp\/v2\/tags?post=2865"}],"curies":[{"name":"wp","href":"https:\/\/api.w.org\/{rel}","templated":true}]}}