{"id":285,"date":"2024-03-04T17:32:29","date_gmt":"2024-03-04T20:32:29","guid":{"rendered":"https:\/\/enlamira.info\/?p=285"},"modified":"2024-03-04T17:39:18","modified_gmt":"2024-03-04T20:39:18","slug":"el-gobierno-apunta-a-que-aviones-y-micros-no-necesiten-autorizaciones-para-los-recorridos","status":"publish","type":"post","link":"https:\/\/enlamira.info\/index.php\/2024\/03\/04\/el-gobierno-apunta-a-que-aviones-y-micros-no-necesiten-autorizaciones-para-los-recorridos\/","title":{"rendered":"El Gobierno apunta a que aviones y micros no necesiten autorizaciones para los recorridos"},"content":{"rendered":"\n<p>Los \u00f3mnibus de larga distancia y las aerol\u00edneas est\u00e1n a un paso de no necesitar permisos del Estado para organizar sus rutas.<\/p>\n\n\n\n<p>El universo del\u00a0transporte de larga distancia que integran micros y\u00a0aviones\u00a0podr\u00eda en el pr\u00f3ximo tiempo\u00a0entrar en un nuevo marco jur\u00eddico\u00a0donde\u00a0se\u00a0descartar\u00edan los permisos estatales\u00a0que autorizan nuevas rutas.<\/p>\n\n\n\n<p>De esta manera, tanto las empresas de \u00f3mnibus de larga distancia como las aerocomerciales\u00a0definir\u00edan el total de sus recorridos desreguladas.<\/p>\n\n\n\n<p>La medida\u00a0crea incertidumbre a qu\u00e9 ocurrir\u00e1 con el mercado ya que podr\u00eda a pasar a estar\u00a0concentrado en pocas compa\u00f1\u00edas\u00a0y\u00a0abandonar todas aquellas rutas que no sean rentables.<\/p>\n\n\n\n<p>Actualmente\u00a0se impone\u00a0a que varios servicios de \u00f3mnibus que realizan un trayecto entre dos ciudades,\u00a0ingresen a pueblos\u00a0que se encuentran en el recorrido.<\/p>\n\n\n\n<p>Adem\u00e1s, la regularidad y habitualidad, obliga a que\u00a0los servicios se tengan que cumplir haya o no haya pasajeros\u00a0sin importar la temporada.<\/p>\n\n\n\n<p>Otro de los puntos que incluir\u00eda la desregulaci\u00f3n ser\u00eda que\u00a0las compa\u00f1\u00edas a\u00e9reas no estar\u00edan obligadas a tener personal local\u00a0para sus operaciones. Hasta ahora, todas aquellas que realizan vuelos locales deben tener\u00a0tripulaci\u00f3n argentina\u00a0y aviones matriculados en el pa\u00eds.<\/p>\n","protected":false},"excerpt":{"rendered":"<p>Los \u00f3mnibus de larga distancia y las aerol\u00edneas est\u00e1n a un paso de no necesitar permisos del Estado para organizar sus rutas. El universo del\u00a0transporte de larga distancia que integran micros y\u00a0aviones\u00a0podr\u00eda en el pr\u00f3ximo tiempo\u00a0entrar en un nuevo marco jur\u00eddico\u00a0donde\u00a0se\u00a0descartar\u00edan los permisos estatales\u00a0que autorizan nuevas rutas. De esta manera, tanto las empresas de \u00f3mnibus [&hellip;]<\/p>\n","protected":false},"author":2,"featured_media":288,"comment_status":"open","ping_status":"open","sticky":false,"template":"","format":"standard","meta":{"footnotes":""},"categories":[22],"tags":[],"_links":{"self":[{"href":"https:\/\/enlamira.info\/index.php\/wp-json\/wp\/v2\/posts\/285"}],"collection":[{"href":"https:\/\/enlamira.info\/index.php\/wp-json\/wp\/v2\/posts"}],"about":[{"href":"https:\/\/enlamira.info\/index.php\/wp-json\/wp\/v2\/types\/post"}],"author":[{"embeddable":true,"href":"https:\/\/enlamira.info\/index.php\/wp-json\/wp\/v2\/users\/2"}],"replies":[{"embeddable":true,"href":"https:\/\/enlamira.info\/index.php\/wp-json\/wp\/v2\/comments?post=285"}],"version-history":[{"count":1,"href":"https:\/\/enlamira.info\/index.php\/wp-json\/wp\/v2\/posts\/285\/revisions"}],"predecessor-version":[{"id":286,"href":"https:\/\/enlamira.info\/index.php\/wp-json\/wp\/v2\/posts\/285\/revisions\/286"}],"wp:featuredmedia":[{"embeddable":true,"href":"https:\/\/enlamira.info\/index.php\/wp-json\/wp\/v2\/media\/288"}],"wp:attachment":[{"href":"https:\/\/enlamira.info\/index.php\/wp-json\/wp\/v2\/media?parent=285"}],"wp:term":[{"taxonomy":"category","embeddable":true,"href":"https:\/\/enlamira.info\/index.php\/wp-json\/wp\/v2\/categories?post=285"},{"taxonomy":"post_tag","embeddable":true,"href":"https:\/\/enlamira.info\/index.php\/wp-json\/wp\/v2\/tags?post=285"}],"curies":[{"name":"wp","href":"https:\/\/api.w.org\/{rel}","templated":true}]}}