{"id":2832,"date":"2024-04-07T14:36:57","date_gmt":"2024-04-07T17:36:57","guid":{"rendered":"https:\/\/enlamira.info\/?p=2832"},"modified":"2024-04-07T14:48:37","modified_gmt":"2024-04-07T17:48:37","slug":"milei-no-le-cierra-las-puertas-a-la-reeleccion-si-la-gente-lo-quisiera","status":"publish","type":"post","link":"https:\/\/enlamira.info\/index.php\/2024\/04\/07\/milei-no-le-cierra-las-puertas-a-la-reeleccion-si-la-gente-lo-quisiera\/","title":{"rendered":"Milei no le cierra las puertas a la reelecci\u00f3n: \u201cSi la gente lo quisiera\u201d"},"content":{"rendered":"\n<p>El Presidente anticip\u00f3 que planea gobernar durante cuatro a\u00f1os, pero \u201cpodr\u00eda llegar a estar por ocho\u201d.<\/p>\n\n\n\n<p>El presidente\u00a0Javier Milei\u00a0hizo referencia por primera vez a una posible reelecci\u00f3n\u00a0durante su participaci\u00f3n en la presentaci\u00f3n del libro de Eduardo Feinmann \u201cDiez lecciones para salir de la trampa populista\u201d en Paraguay. En una videollamada, Milei defendi\u00f3 su gesti\u00f3n, calificando el\u00a0ajuste\u00a0realizado como\u00a0\u201cel m\u00e1s grande de la historia de la humanidad\u201d\u00a0y sugiriendo la posibilidad de buscar un segundo mandato en 2027.<\/p>\n\n\n\n<p>\u201cYo estoy ac\u00e1 por cuatro a\u00f1os, podr\u00eda llegar a estar por ocho, si la gente lo quisiera\u201d\u00a0expres\u00f3 el\u00a0Presidente\u00a0y agreg\u00f3: \u201dLa \u00fanica forma de que no quede atado esto a una sola persona es con un proceso econ\u00f3mico y pol\u00edtico, pero tambi\u00e9n cultural. Recurrentemente saco temas, planteo discusiones, que no se logran entender en primer momento y despu\u00e9s se entiende que estoy hablando de batalla cultural. Si hay alguien comprometido con eso, soy yo\u201d.<\/p>\n\n\n\n<p>El mandatario realiz\u00f3 un balance de los primeros meses de su gobierno, enfatizando su rechazo a la corrupci\u00f3n y su objetivo de alcanzar niveles de libertad econ\u00f3mica comparables a los de pa\u00edses como Irlanda. Adem\u00e1s,\u00a0destac\u00f3 la resistencia que enfrenta su agenda de reformas por parte de la clase pol\u00edtica.<\/p>\n\n\n\n<p>Milei se vanaglori\u00f3 de haber llevado a cabo\u00a0\u201cel ajuste m\u00e1s grande de la historia de la humanidad\u201d, respaldado, seg\u00fan \u00e9l, por el personal del Fondo Monetario Internacional. Sin embargo, lament\u00f3 que sus reformas se vean bloqueadas por la pol\u00edtica, haciendo referencia espec\u00edfica a la fallida\u00a0Ley \u00d3mnibus.<\/p>\n","protected":false},"excerpt":{"rendered":"<p>El Presidente anticip\u00f3 que planea gobernar durante cuatro a\u00f1os, pero \u201cpodr\u00eda llegar a estar por ocho\u201d. El presidente\u00a0Javier Milei\u00a0hizo referencia por primera vez a una posible reelecci\u00f3n\u00a0durante su participaci\u00f3n en la presentaci\u00f3n del libro de Eduardo Feinmann \u201cDiez lecciones para salir de la trampa populista\u201d en Paraguay. En una videollamada, Milei defendi\u00f3 su gesti\u00f3n, calificando [&hellip;]<\/p>\n","protected":false},"author":2,"featured_media":2834,"comment_status":"open","ping_status":"open","sticky":false,"template":"","format":"standard","meta":{"footnotes":""},"categories":[20],"tags":[],"_links":{"self":[{"href":"https:\/\/enlamira.info\/index.php\/wp-json\/wp\/v2\/posts\/2832"}],"collection":[{"href":"https:\/\/enlamira.info\/index.php\/wp-json\/wp\/v2\/posts"}],"about":[{"href":"https:\/\/enlamira.info\/index.php\/wp-json\/wp\/v2\/types\/post"}],"author":[{"embeddable":true,"href":"https:\/\/enlamira.info\/index.php\/wp-json\/wp\/v2\/users\/2"}],"replies":[{"embeddable":true,"href":"https:\/\/enlamira.info\/index.php\/wp-json\/wp\/v2\/comments?post=2832"}],"version-history":[{"count":2,"href":"https:\/\/enlamira.info\/index.php\/wp-json\/wp\/v2\/posts\/2832\/revisions"}],"predecessor-version":[{"id":2836,"href":"https:\/\/enlamira.info\/index.php\/wp-json\/wp\/v2\/posts\/2832\/revisions\/2836"}],"wp:featuredmedia":[{"embeddable":true,"href":"https:\/\/enlamira.info\/index.php\/wp-json\/wp\/v2\/media\/2834"}],"wp:attachment":[{"href":"https:\/\/enlamira.info\/index.php\/wp-json\/wp\/v2\/media?parent=2832"}],"wp:term":[{"taxonomy":"category","embeddable":true,"href":"https:\/\/enlamira.info\/index.php\/wp-json\/wp\/v2\/categories?post=2832"},{"taxonomy":"post_tag","embeddable":true,"href":"https:\/\/enlamira.info\/index.php\/wp-json\/wp\/v2\/tags?post=2832"}],"curies":[{"name":"wp","href":"https:\/\/api.w.org\/{rel}","templated":true}]}}